{"id":3353,"date":"2023-03-13T09:25:27","date_gmt":"2023-03-13T09:25:27","guid":{"rendered":"https:\/\/www.carlit.cat\/?p=3353"},"modified":"2023-03-13T09:25:27","modified_gmt":"2023-03-13T09:25:27","slug":"50-anniversaire-carrefour","status":"publish","type":"post","link":"https:\/\/www.carlit.cat\/fr\/50-anniversaire-carrefour\/","title":{"rendered":"Pr\u00e9sence \u00e0 la f\u00eate du 50e anniversaire de Carrefour \u00e0 El Prat de Llobregat"},"content":{"rendered":"<p>Carlit \u00e9tait pr\u00e9sente le jeudi 9 mars dernier \u00e0 la f\u00eate c\u00e9l\u00e9brant le 50\u00e8me anniversaire de <a href=\"https:\/\/www.carrefour.es\">Carrefour<\/a> \u00e0 El Prat de Llobregat.<\/p>\n<p>Nous avons fait partie de la foire des fournisseurs qui, pendant 15 jours, organise des d\u00e9gustations et des activit\u00e9s dans cet \u00e9tablissement.<\/p>\n<p>Le maire d&#8217;El Prat de Llobregat, Llu\u00eds Mijoler, a assist\u00e9 \u00e0 la c\u00e9l\u00e9bration et s&#8217;est \u00e9galement int\u00e9ress\u00e9 \u00e0 notre activit\u00e9.<\/p>\n<p>Parall\u00e8lement, nous organisons ces jours-ci des d\u00e9gustations au Carrefour de Barcelone.<\/p>\n<p>Et c&#8217;est toujours notre objectif : apporter le Trinxat de la Cerdanya chez vous !<\/p>\n<div id=\"attachment_3328\" style=\"width: 504px\" class=\"wp-caption alignleft\"><img loading=\"lazy\" decoding=\"async\" aria-describedby=\"caption-attachment-3328\" class=\"wp-image-3328 \" src=\"https:\/\/www.carlit.cat\/wp-content\/uploads\/2023\/03\/WhatsApp-Image-2023-03-10-at-14.21.27.jpeg\" alt=\"\" width=\"494\" height=\"371\" srcset=\"https:\/\/www.carlit.cat\/wp-content\/uploads\/2023\/03\/WhatsApp-Image-2023-03-10-at-14.21.27.jpeg 1600w, https:\/\/www.carlit.cat\/wp-content\/uploads\/2023\/03\/WhatsApp-Image-2023-03-10-at-14.21.27-300x225.jpeg 300w, https:\/\/www.carlit.cat\/wp-content\/uploads\/2023\/03\/WhatsApp-Image-2023-03-10-at-14.21.27-768x576.jpeg 768w, https:\/\/www.carlit.cat\/wp-content\/uploads\/2023\/03\/WhatsApp-Image-2023-03-10-at-14.21.27-1024x768.jpeg 1024w, https:\/\/www.carlit.cat\/wp-content\/uploads\/2023\/03\/WhatsApp-Image-2023-03-10-at-14.21.27-800x600.jpeg 800w, https:\/\/www.carlit.cat\/wp-content\/uploads\/2023\/03\/WhatsApp-Image-2023-03-10-at-14.21.27-700x525.jpeg 700w\" sizes=\"auto, (max-width: 494px) 100vw, 494px\" \/><p id=\"caption-attachment-3328\" class=\"wp-caption-text\">Xavier Espu\u00f1a, directeur de Carlit, et Llu\u00eds Mijoler, maire d&#8217;El Prat de Llobregat, lors de la f\u00eate du 50e anniversaire de Carrefour \u00e0 El Prat.<\/p><\/div>\n<div id=\"attachment_3332\" style=\"width: 287px\" class=\"wp-caption alignleft\"><img loading=\"lazy\" decoding=\"async\" aria-describedby=\"caption-attachment-3332\" class=\"wp-image-3332 \" src=\"https:\/\/www.carlit.cat\/wp-content\/uploads\/2023\/03\/WhatsApp-Image-2023-03-10-at-14.32.26.jpeg\" alt=\"\" width=\"277\" height=\"370\" srcset=\"https:\/\/www.carlit.cat\/wp-content\/uploads\/2023\/03\/WhatsApp-Image-2023-03-10-at-14.32.26.jpeg 768w, https:\/\/www.carlit.cat\/wp-content\/uploads\/2023\/03\/WhatsApp-Image-2023-03-10-at-14.32.26-225x300.jpeg 225w, https:\/\/www.carlit.cat\/wp-content\/uploads\/2023\/03\/WhatsApp-Image-2023-03-10-at-14.32.26-600x800.jpeg 600w, https:\/\/www.carlit.cat\/wp-content\/uploads\/2023\/03\/WhatsApp-Image-2023-03-10-at-14.32.26-700x933.jpeg 700w\" sizes=\"auto, (max-width: 277px) 100vw, 277px\" \/><p id=\"caption-attachment-3332\" class=\"wp-caption-text\">Point de d\u00e9gustation des produits Carlit au Carrefour del Prat.<\/p><\/div>\n<p><iframe loading=\"lazy\" title=\"YouTube video player\" src=\"https:\/\/www.youtube.com\/embed\/-c-fmlciGMo\" width=\"560\" height=\"315\" frameborder=\"0\" allowfullscreen=\"allowfullscreen\"><\/iframe><\/p>\n","protected":false},"excerpt":{"rendered":"<p>Carlit \u00e9tait pr\u00e9sente le jeudi 9 mars dernier \u00e0 la f\u00eate c\u00e9l\u00e9brant le 50\u00e8me anniversaire de Carrefour \u00e0 El Prat de Llobregat. Nous avons fait partie de la foire des fournisseurs qui, pendant 15 jours, organise des d\u00e9gustations et des activit\u00e9s dans cet \u00e9tablissement. Le&#8230;<\/p>\n","protected":false},"author":7,"featured_media":3349,"comment_status":"closed","ping_status":"closed","sticky":false,"template":"","format":"standard","meta":{"footnotes":""},"categories":[21],"tags":[],"class_list":["post-3353","post","type-post","status-publish","format-standard","has-post-thumbnail","hentry","category-news"],"_links":{"self":[{"href":"https:\/\/www.carlit.cat\/fr\/wp-json\/wp\/v2\/posts\/3353\/"}],"collection":[{"href":"https:\/\/www.carlit.cat\/fr\/wp-json\/wp\/v2\/posts\/"}],"about":[{"href":"https:\/\/www.carlit.cat\/fr\/wp-json\/wp\/v2\/types\/post\/"}],"author":[{"embeddable":true,"href":"https:\/\/www.carlit.cat\/fr\/wp-json\/wp\/v2\/users\/7\/"}],"replies":[{"embeddable":true,"href":"https:\/\/www.carlit.cat\/fr\/wp-json\/wp\/v2\/comments\/?post=3353"}],"version-history":[{"count":1,"href":"https:\/\/www.carlit.cat\/fr\/wp-json\/wp\/v2\/posts\/3353\/revisions\/"}],"predecessor-version":[{"id":3354,"href":"https:\/\/www.carlit.cat\/fr\/wp-json\/wp\/v2\/posts\/3353\/revisions\/3354\/"}],"wp:featuredmedia":[{"embeddable":true,"href":"https:\/\/www.carlit.cat\/fr\/wp-json\/wp\/v2\/media\/3349\/"}],"wp:attachment":[{"href":"https:\/\/www.carlit.cat\/fr\/wp-json\/wp\/v2\/media\/?parent=3353"}],"wp:term":[{"taxonomy":"category","embeddable":true,"href":"https:\/\/www.carlit.cat\/fr\/wp-json\/wp\/v2\/categories\/?post=3353"},{"taxonomy":"post_tag","embeddable":true,"href":"https:\/\/www.carlit.cat\/fr\/wp-json\/wp\/v2\/tags\/?post=3353"}],"curies":[{"name":"wp","href":"https:\/\/api.w.org\/{rel}","templated":true}]}}