{"id":3324,"date":"2023-03-01T10:55:17","date_gmt":"2023-03-01T10:55:17","guid":{"rendered":"https:\/\/www.carlit.cat\/?p=3324"},"modified":"2023-03-01T10:55:17","modified_gmt":"2023-03-01T10:55:17","slug":"fp-cuisine-gastronomie","status":"publish","type":"post","link":"https:\/\/www.carlit.cat\/fr\/fp-cuisine-gastronomie\/","title":{"rendered":"Soutien aux \u00e9tudiants de l&#8217;FP en cuisine et en gastronomie"},"content":{"rendered":"<p>Ce mois-ci, Dylan, qui a suivi un cycle de formation professionnelle en cuisine et gastronomie, a termin\u00e9 son stage curriculaire au Carlit.<\/p>\n<p>Ce stage \u00e9tait n\u00e9cessaire pour que Dylan puisse obtenir son dipl\u00f4me. Bien qu&#8217;ils n&#8217;aient pas \u00e9t\u00e9 r\u00e9mun\u00e9r\u00e9s, au Carlit nous avons estim\u00e9 qu&#8217;il \u00e9tait absolument n\u00e9cessaire de le remercier pour son bon travail et son engagement dans notre projet, nous lui avons donc remis un ch\u00e8que de 1000 euros et, surtout, nous l&#8217;avons remerci\u00e9 d&#8217;avoir \u00e9t\u00e9 un membre de plus de notre \u00e9quipe pendant ces semaines !<\/p>\n<p>Au <a href=\"https:\/\/www.carlit.cat\/fr\/compromisos-carlit\/\">#CompromisosCarlit<\/a> quand nous disons que &#8220;Nous faisons de la communaut\u00e9&#8221;, nous le comprenons ainsi : soutenir les personnes de notre territoire pour qu&#8217;elles puissent avancer dans leur croissance personnelle et professionnelle !<\/p>\n<p><img loading=\"lazy\" decoding=\"async\" class=\"alignnone wp-image-3312 \" src=\"https:\/\/carlit.cat\/wp-content\/uploads\/2023\/03\/Estudiant-pr\u00e0ctiques-Carlit.jpeg\" alt=\"\" width=\"851\" height=\"638\" \/><\/p>\n","protected":false},"excerpt":{"rendered":"<p>Ce mois-ci, Dylan, qui a suivi un cycle de formation professionnelle en cuisine et gastronomie, a termin\u00e9 son stage curriculaire au Carlit. Ce stage \u00e9tait n\u00e9cessaire pour que Dylan puisse obtenir son dipl\u00f4me. Bien qu&#8217;ils n&#8217;aient pas \u00e9t\u00e9 r\u00e9mun\u00e9r\u00e9s, au Carlit nous avons estim\u00e9 qu&#8217;il&#8230;<\/p>\n","protected":false},"author":7,"featured_media":3314,"comment_status":"closed","ping_status":"closed","sticky":false,"template":"","format":"standard","meta":{"footnotes":""},"categories":[21],"tags":[],"class_list":["post-3324","post","type-post","status-publish","format-standard","has-post-thumbnail","hentry","category-news"],"_links":{"self":[{"href":"https:\/\/www.carlit.cat\/fr\/wp-json\/wp\/v2\/posts\/3324\/"}],"collection":[{"href":"https:\/\/www.carlit.cat\/fr\/wp-json\/wp\/v2\/posts\/"}],"about":[{"href":"https:\/\/www.carlit.cat\/fr\/wp-json\/wp\/v2\/types\/post\/"}],"author":[{"embeddable":true,"href":"https:\/\/www.carlit.cat\/fr\/wp-json\/wp\/v2\/users\/7\/"}],"replies":[{"embeddable":true,"href":"https:\/\/www.carlit.cat\/fr\/wp-json\/wp\/v2\/comments\/?post=3324"}],"version-history":[{"count":1,"href":"https:\/\/www.carlit.cat\/fr\/wp-json\/wp\/v2\/posts\/3324\/revisions\/"}],"predecessor-version":[{"id":3326,"href":"https:\/\/www.carlit.cat\/fr\/wp-json\/wp\/v2\/posts\/3324\/revisions\/3326\/"}],"wp:featuredmedia":[{"embeddable":true,"href":"https:\/\/www.carlit.cat\/fr\/wp-json\/wp\/v2\/media\/3314\/"}],"wp:attachment":[{"href":"https:\/\/www.carlit.cat\/fr\/wp-json\/wp\/v2\/media\/?parent=3324"}],"wp:term":[{"taxonomy":"category","embeddable":true,"href":"https:\/\/www.carlit.cat\/fr\/wp-json\/wp\/v2\/categories\/?post=3324"},{"taxonomy":"post_tag","embeddable":true,"href":"https:\/\/www.carlit.cat\/fr\/wp-json\/wp\/v2\/tags\/?post=3324"}],"curies":[{"name":"wp","href":"https:\/\/api.w.org\/{rel}","templated":true}]}}