{"id":3309,"date":"2023-02-26T10:39:01","date_gmt":"2023-02-26T10:39:01","guid":{"rendered":"https:\/\/www.carlit.cat\/?p=3309"},"modified":"2023-03-01T10:42:24","modified_gmt":"2023-03-01T10:42:24","slug":"trinxat-fete-2023","status":"publish","type":"post","link":"https:\/\/www.carlit.cat\/fr\/trinxat-fete-2023\/","title":{"rendered":"Carlit, au Trinxat F\u00eate 2023 \u00e0 Puigcerd\u00e0 !"},"content":{"rendered":"<div id=\"attachment_3282\" style=\"width: 796px\" class=\"wp-caption alignnone\"><img loading=\"lazy\" decoding=\"async\" aria-describedby=\"caption-attachment-3282\" class=\"wp-image-3282 \" src=\"https:\/\/www.carlit.cat\/wp-content\/uploads\/2023\/03\/Festa-trinxat-Viure-als-Pirineus.jpg\" alt=\"Foto: Viurealspirineus.cat\" width=\"786\" height=\"439\" srcset=\"https:\/\/www.carlit.cat\/wp-content\/uploads\/2023\/03\/Festa-trinxat-Viure-als-Pirineus.jpg 1920w, https:\/\/www.carlit.cat\/wp-content\/uploads\/2023\/03\/Festa-trinxat-Viure-als-Pirineus-300x168.jpg 300w, https:\/\/www.carlit.cat\/wp-content\/uploads\/2023\/03\/Festa-trinxat-Viure-als-Pirineus-768x429.jpg 768w, https:\/\/www.carlit.cat\/wp-content\/uploads\/2023\/03\/Festa-trinxat-Viure-als-Pirineus-1024x572.jpg 1024w, https:\/\/www.carlit.cat\/wp-content\/uploads\/2023\/03\/Festa-trinxat-Viure-als-Pirineus-700x391.jpg 700w\" sizes=\"auto, (max-width: 786px) 100vw, 786px\" \/><p id=\"caption-attachment-3282\" class=\"wp-caption-text\">Foto: Viurealspirineus.cat<\/p><\/div>\n<p>&nbsp;<\/p>\n<p>Le samedi 25 f\u00e9vrier, la salle des sports de Puigcerd\u00e0 a accueilli la 26e \u00e9dition du Trinxat f\u00eate. Carlit a soutenu le festival en offrant 1000 portions de Trinxat.<\/p>\n<p>Il s&#8217;agit du principal \u00e9v\u00e9nement gastronomique de la comarque et d&#8217;un rendez-vous incontournable pour les amateurs de cuisine locale, qui s&#8217;est transform\u00e9 en un rassemblement multitudinaire au c\u0153ur de l&#8217;hiver, avec un d\u00eener de gala qui sert de vitrine \u00e0 la gastronomie locale et aux produits du Km0 comme le chou d&#8217;hiver et les pommes de terre.<\/p>\n<p>Outre le trinxat, le d\u00eener comprenait \u00e9galement une d\u00e9gustation de charcuterie et de fromages pyr\u00e9n\u00e9ens, ainsi que des entr\u00e9es et de la morue comme plat principal, cuisin\u00e9e dans ce cas par le collectif Cuina Pirinenca de Cerdanya. En dessert, les d\u00e9sormais typiques cygnes \u00e0 la cr\u00e8me \u00e9labor\u00e9s par 6 p\u00e2tisseries de toute la vall\u00e9e.<\/p>\n<p>La soir\u00e9e comprenait diff\u00e9rentes tombolas et de la musique en direct par l&#8217;orchestre Stressband.<\/p>\n<p>Ramon Maria Rosell Cand\u00e1liga, pr\u00e9sentateur de Radio Puigcerd\u00e1, \u00e9tait charg\u00e9 de pr\u00e9senter l&#8217;\u00e9v\u00e9nement.<\/p>\n<p>La Trinxat f\u00eate est organis\u00e9e par la mairie de Puigcerd\u00e0 et le conseil municipal du tourisme, avec la collaboration de la Diputaci\u00f3n Foral de Girona, de l&#8217;association Cuina Pirinenca de Cerdanya, de divers restaurants, p\u00e2tissiers, fournisseurs et \u00e9tablissements de Puigcerd\u00e0 et de la r\u00e9gion, de la fondation Adis, de l&#8217;INS Pere Borrell et de l&#8217;association commerciale de Puigcerd\u00e0.<\/p>\n<div id=\"attachment_3287\" style=\"width: 359px\" class=\"wp-caption alignleft\"><img loading=\"lazy\" decoding=\"async\" aria-describedby=\"caption-attachment-3287\" class=\"wp-image-3287 \" src=\"https:\/\/www.carlit.cat\/wp-content\/uploads\/2023\/02\/Festa-trinxat-2-Viure-als-pirineus.jpg\" alt=\"Foto: Viurealspirineus.cat\" width=\"349\" height=\"465\" srcset=\"https:\/\/www.carlit.cat\/wp-content\/uploads\/2023\/02\/Festa-trinxat-2-Viure-als-pirineus.jpg 1536w, https:\/\/www.carlit.cat\/wp-content\/uploads\/2023\/02\/Festa-trinxat-2-Viure-als-pirineus-225x300.jpg 225w, https:\/\/www.carlit.cat\/wp-content\/uploads\/2023\/02\/Festa-trinxat-2-Viure-als-pirineus-768x1024.jpg 768w, https:\/\/www.carlit.cat\/wp-content\/uploads\/2023\/02\/Festa-trinxat-2-Viure-als-pirineus-600x800.jpg 600w, https:\/\/www.carlit.cat\/wp-content\/uploads\/2023\/02\/Festa-trinxat-2-Viure-als-pirineus-700x933.jpg 700w\" sizes=\"auto, (max-width: 349px) 100vw, 349px\" \/><p id=\"caption-attachment-3287\" class=\"wp-caption-text\">Foto: Viurealspirineus.cat<\/p><\/div>\n<p><img loading=\"lazy\" decoding=\"async\" class=\"alignleft wp-image-3292 \" src=\"https:\/\/www.carlit.cat\/wp-content\/uploads\/2023\/02\/Festa-Trinxat-2023.png\" alt=\"\" width=\"364\" height=\"467\" srcset=\"https:\/\/www.carlit.cat\/wp-content\/uploads\/2023\/02\/Festa-Trinxat-2023.png 576w, https:\/\/www.carlit.cat\/wp-content\/uploads\/2023\/02\/Festa-Trinxat-2023-234x300.png 234w\" sizes=\"auto, (max-width: 364px) 100vw, 364px\" \/><\/p>\n<p>&nbsp;<\/p>\n","protected":false},"excerpt":{"rendered":"<p>&nbsp; Le samedi 25 f\u00e9vrier, la salle des sports de Puigcerd\u00e0 a accueilli la 26e \u00e9dition du Trinxat f\u00eate. Carlit a soutenu le festival en offrant 1000 portions de Trinxat. Il s&#8217;agit du principal \u00e9v\u00e9nement gastronomique de la comarque et d&#8217;un rendez-vous incontournable pour les&#8230;<\/p>\n","protected":false},"author":7,"featured_media":3284,"comment_status":"closed","ping_status":"closed","sticky":false,"template":"","format":"standard","meta":{"footnotes":""},"categories":[21],"tags":[],"class_list":["post-3309","post","type-post","status-publish","format-standard","has-post-thumbnail","hentry","category-news"],"_links":{"self":[{"href":"https:\/\/www.carlit.cat\/fr\/wp-json\/wp\/v2\/posts\/3309\/"}],"collection":[{"href":"https:\/\/www.carlit.cat\/fr\/wp-json\/wp\/v2\/posts\/"}],"about":[{"href":"https:\/\/www.carlit.cat\/fr\/wp-json\/wp\/v2\/types\/post\/"}],"author":[{"embeddable":true,"href":"https:\/\/www.carlit.cat\/fr\/wp-json\/wp\/v2\/users\/7\/"}],"replies":[{"embeddable":true,"href":"https:\/\/www.carlit.cat\/fr\/wp-json\/wp\/v2\/comments\/?post=3309"}],"version-history":[{"count":1,"href":"https:\/\/www.carlit.cat\/fr\/wp-json\/wp\/v2\/posts\/3309\/revisions\/"}],"predecessor-version":[{"id":3310,"href":"https:\/\/www.carlit.cat\/fr\/wp-json\/wp\/v2\/posts\/3309\/revisions\/3310\/"}],"wp:featuredmedia":[{"embeddable":true,"href":"https:\/\/www.carlit.cat\/fr\/wp-json\/wp\/v2\/media\/3284\/"}],"wp:attachment":[{"href":"https:\/\/www.carlit.cat\/fr\/wp-json\/wp\/v2\/media\/?parent=3309"}],"wp:term":[{"taxonomy":"category","embeddable":true,"href":"https:\/\/www.carlit.cat\/fr\/wp-json\/wp\/v2\/categories\/?post=3309"},{"taxonomy":"post_tag","embeddable":true,"href":"https:\/\/www.carlit.cat\/fr\/wp-json\/wp\/v2\/tags\/?post=3309"}],"curies":[{"name":"wp","href":"https:\/\/api.w.org\/{rel}","templated":true}]}}