{"id":3270,"date":"2022-12-27T10:45:17","date_gmt":"2022-12-27T10:45:17","guid":{"rendered":"https:\/\/www.carlit.cat\/?p=3270"},"modified":"2022-12-27T10:45:17","modified_gmt":"2022-12-27T10:45:17","slug":"la-vanguardia-trinxat-proximitat","status":"publish","type":"post","link":"https:\/\/www.carlit.cat\/fr\/la-vanguardia-trinxat-proximitat\/","title":{"rendered":"La Vanguardia fait un reportage sur notre projet &#8220;Trinxat de proximitat&#8221;."},"content":{"rendered":"<p>La Vanguardia a publi\u00e9 un article dans la section \u00e9conomie qui d\u00e9crit la trajectoire du Carlit et ses perspectives pour l&#8217;ann\u00e9e \u00e0 venir.<\/p>\n<p>L&#8217;article souligne comment Carlit a projet\u00e9 le plat traditionnel de la Cerdagne, le Trinxat, &#8220;comme un plat cuisin\u00e9 dans les principaux supermarch\u00e9s de Catalogne&#8221;.<\/p>\n<p>La journaliste Blanca Gispert explique le mod\u00e8le d&#8217;entreprise de Carlit &#8220;bas\u00e9 sur la production de produits dans les cat\u00e9gories gourmet et proximit\u00e9 et km0&#8221;.<br \/>\nElle d\u00e9crit \u00e9galement la croissance de Carlit au cours des derni\u00e8res ann\u00e9es et la fa\u00e7on dont Carlit envisage l&#8217;avenir en pariant sur l&#8217;augmentation de la part de march\u00e9 de Trinxat.<\/p>\n<p>Vous pouvez lire l&#8217;int\u00e9gralit\u00e9 de l&#8217;article ici : <a href=\"https:\/\/www.carlit.cat\/wp-content\/uploads\/2022\/12\/La-Vanguardia-2022-Carlit.jpeg\" data-rel=\"lightbox-image-0\" data-rl_title=\"\" data-rl_caption=\"\" title=\"\">Trinxat de proximitat- La Vanguardia 24 d\u00e9cembre 2022<\/a><\/p>\n<p><img loading=\"lazy\" decoding=\"async\" class=\"alignnone wp-image-3254 \" src=\"https:\/\/www.carlit.cat\/wp-content\/uploads\/2022\/12\/La-Vanguardia-2022-Carlit.jpeg\" alt=\"\" width=\"653\" height=\"805\" srcset=\"https:\/\/www.carlit.cat\/wp-content\/uploads\/2022\/12\/La-Vanguardia-2022-Carlit.jpeg 1080w, https:\/\/www.carlit.cat\/wp-content\/uploads\/2022\/12\/La-Vanguardia-2022-Carlit-243x300.jpeg 243w, https:\/\/www.carlit.cat\/wp-content\/uploads\/2022\/12\/La-Vanguardia-2022-Carlit-768x947.jpeg 768w, https:\/\/www.carlit.cat\/wp-content\/uploads\/2022\/12\/La-Vanguardia-2022-Carlit-830x1024.jpeg 830w, https:\/\/www.carlit.cat\/wp-content\/uploads\/2022\/12\/La-Vanguardia-2022-Carlit-700x863.jpeg 700w\" sizes=\"auto, (max-width: 653px) 100vw, 653px\" \/><\/p>\n","protected":false},"excerpt":{"rendered":"<p>La Vanguardia a publi\u00e9 un article dans la section \u00e9conomie qui d\u00e9crit la trajectoire du Carlit et ses perspectives pour l&#8217;ann\u00e9e \u00e0 venir. L&#8217;article souligne comment Carlit a projet\u00e9 le plat traditionnel de la Cerdagne, le Trinxat, &#8220;comme un plat cuisin\u00e9 dans les principaux supermarch\u00e9s&#8230;<\/p>\n","protected":false},"author":7,"featured_media":3260,"comment_status":"closed","ping_status":"closed","sticky":false,"template":"","format":"standard","meta":{"footnotes":""},"categories":[21],"tags":[],"class_list":["post-3270","post","type-post","status-publish","format-standard","has-post-thumbnail","hentry","category-news"],"_links":{"self":[{"href":"https:\/\/www.carlit.cat\/fr\/wp-json\/wp\/v2\/posts\/3270\/"}],"collection":[{"href":"https:\/\/www.carlit.cat\/fr\/wp-json\/wp\/v2\/posts\/"}],"about":[{"href":"https:\/\/www.carlit.cat\/fr\/wp-json\/wp\/v2\/types\/post\/"}],"author":[{"embeddable":true,"href":"https:\/\/www.carlit.cat\/fr\/wp-json\/wp\/v2\/users\/7\/"}],"replies":[{"embeddable":true,"href":"https:\/\/www.carlit.cat\/fr\/wp-json\/wp\/v2\/comments\/?post=3270"}],"version-history":[{"count":1,"href":"https:\/\/www.carlit.cat\/fr\/wp-json\/wp\/v2\/posts\/3270\/revisions\/"}],"predecessor-version":[{"id":3271,"href":"https:\/\/www.carlit.cat\/fr\/wp-json\/wp\/v2\/posts\/3270\/revisions\/3271\/"}],"wp:featuredmedia":[{"embeddable":true,"href":"https:\/\/www.carlit.cat\/fr\/wp-json\/wp\/v2\/media\/3260\/"}],"wp:attachment":[{"href":"https:\/\/www.carlit.cat\/fr\/wp-json\/wp\/v2\/media\/?parent=3270"}],"wp:term":[{"taxonomy":"category","embeddable":true,"href":"https:\/\/www.carlit.cat\/fr\/wp-json\/wp\/v2\/categories\/?post=3270"},{"taxonomy":"post_tag","embeddable":true,"href":"https:\/\/www.carlit.cat\/fr\/wp-json\/wp\/v2\/tags\/?post=3270"}],"curies":[{"name":"wp","href":"https:\/\/api.w.org\/{rel}","templated":true}]}}