{"id":3245,"date":"2022-11-07T10:45:56","date_gmt":"2022-11-07T10:45:56","guid":{"rendered":"https:\/\/www.carlit.cat\/?p=3245"},"modified":"2022-11-07T10:48:50","modified_gmt":"2022-11-07T10:48:50","slug":"30-minuts-tv3","status":"publish","type":"post","link":"https:\/\/www.carlit.cat\/fr\/30-minuts-tv3\/","title":{"rendered":"Carlit, dans le reportage &#8220;Pirineu, un debat pendent&#8221; dans les 30 minuts de TV3"},"content":{"rendered":"<p>Le directeur de Carlit, Xavier Espu\u00f1a, a \u00e9t\u00e9 interview\u00e9 dans le programme 30 minuts de TV3 sur les perspectives d&#8217;avenir de la Cerdagne, du Vall d&#8217;Aran et du Pallars Sobir\u00e0.<\/p>\n<p>Le programme se concentre sur les possibilit\u00e9s de d\u00e9veloppement de ces territoires au-del\u00e0 du tourisme.<\/p>\n<p>Dans la minute 11&#8217;43&#8221; on peut voir les d\u00e9clarations de Xavier Espu\u00f1a, o\u00f9 il affirme qu&#8217;il est n\u00e9cessaire de pouvoir vivre et travailler en Cerdagne, au-del\u00e0 du tourisme. En ce sens, il r\u00e9affirme l&#8217;objectif du Carlit, qui a choisi la Cerdagne il y a plus de 25 ans pour mener \u00e0 bien ce projet d&#8217;entreprise.<\/p>\n<p>Ce n&#8217;est pas la premi\u00e8re fois que Carlit se pose en exemple qu&#8217;il est possible de r\u00e9aliser un projet d&#8217;entreprise en Cerdagne qui soit \u00e9conomiquement, socialement et environnementalement durable.<\/p>\n<p>Nous vous laissons le clip avec les images de notre projet et de notre positionnement.<\/p>\n<p><iframe loading=\"lazy\" title=\"YouTube video player\" src=\"https:\/\/www.youtube.com\/embed\/olrVjTwNPTg\" width=\"560\" height=\"315\" frameborder=\"0\" allowfullscreen=\"allowfullscreen\"><\/iframe><\/p>\n","protected":false},"excerpt":{"rendered":"<p>Le directeur de Carlit, Xavier Espu\u00f1a, a \u00e9t\u00e9 interview\u00e9 dans le programme 30 minuts de TV3 sur les perspectives d&#8217;avenir de la Cerdagne, du Vall d&#8217;Aran et du Pallars Sobir\u00e0. Le programme se concentre sur les possibilit\u00e9s de d\u00e9veloppement de ces territoires au-del\u00e0 du tourisme&#8230;.<\/p>\n","protected":false},"author":7,"featured_media":3237,"comment_status":"closed","ping_status":"closed","sticky":false,"template":"","format":"standard","meta":{"footnotes":""},"categories":[21],"tags":[],"class_list":["post-3245","post","type-post","status-publish","format-standard","has-post-thumbnail","hentry","category-news"],"_links":{"self":[{"href":"https:\/\/www.carlit.cat\/fr\/wp-json\/wp\/v2\/posts\/3245\/"}],"collection":[{"href":"https:\/\/www.carlit.cat\/fr\/wp-json\/wp\/v2\/posts\/"}],"about":[{"href":"https:\/\/www.carlit.cat\/fr\/wp-json\/wp\/v2\/types\/post\/"}],"author":[{"embeddable":true,"href":"https:\/\/www.carlit.cat\/fr\/wp-json\/wp\/v2\/users\/7\/"}],"replies":[{"embeddable":true,"href":"https:\/\/www.carlit.cat\/fr\/wp-json\/wp\/v2\/comments\/?post=3245"}],"version-history":[{"count":2,"href":"https:\/\/www.carlit.cat\/fr\/wp-json\/wp\/v2\/posts\/3245\/revisions\/"}],"predecessor-version":[{"id":3250,"href":"https:\/\/www.carlit.cat\/fr\/wp-json\/wp\/v2\/posts\/3245\/revisions\/3250\/"}],"wp:featuredmedia":[{"embeddable":true,"href":"https:\/\/www.carlit.cat\/fr\/wp-json\/wp\/v2\/media\/3237\/"}],"wp:attachment":[{"href":"https:\/\/www.carlit.cat\/fr\/wp-json\/wp\/v2\/media\/?parent=3245"}],"wp:term":[{"taxonomy":"category","embeddable":true,"href":"https:\/\/www.carlit.cat\/fr\/wp-json\/wp\/v2\/categories\/?post=3245"},{"taxonomy":"post_tag","embeddable":true,"href":"https:\/\/www.carlit.cat\/fr\/wp-json\/wp\/v2\/tags\/?post=3245"}],"curies":[{"name":"wp","href":"https:\/\/api.w.org\/{rel}","templated":true}]}}