{"id":3208,"date":"2022-10-11T14:32:05","date_gmt":"2022-10-11T14:32:05","guid":{"rendered":"https:\/\/www.carlit.cat\/?p=3208"},"modified":"2022-10-11T14:32:05","modified_gmt":"2022-10-11T14:32:05","slug":"ligne-produit-durables","status":"publish","type":"post","link":"https:\/\/www.carlit.cat\/fr\/ligne-produit-durables\/","title":{"rendered":"Carlit pr\u00e9sente une nouvelle ligne de produits durables qui ne n\u00e9cessitent pas de conservation au froid"},"content":{"rendered":"<p><strong><em>La nouvelle ligne int\u00e8gre un emballage en verre et est introduite sur le march\u00e9 pour tout vin<\/em><\/strong><\/p>\n<p>Carlit pr\u00e9sentera \u00e0 la VIIe Nit del Gourmet Catal\u00e0 la nouvelle gamme de produits conditionn\u00e9s dans des emballages en verre.<\/p>\n<p>Ainsi, le trinxat et le pa de fetge, produits embl\u00e9matiques de Carlit, ne n\u00e9cessiteront pas de stockage au froid. En plus de faciliter la conservation pour les clients, l&#8217;emballage en verre est un autre pas en avant dans l&#8217;engagement ferme du producteur de Puigcerd\u00e0 pour progresser en mati\u00e8re de durabilit\u00e9, puisque l&#8217;emballage en verre est 100% recyclable.<\/p>\n<p>De m\u00eame, le nouvel emballage permet \u00e0 Carlit d&#8217;ouvrir de nouveaux canaux de vente, car les \u00e9tablissements n&#8217;auront plus besoin de disposer de pr\u00e9sentoirs r\u00e9frig\u00e9r\u00e9s pour leurs produits. En outre, dans les supermarch\u00e9s, les carcasses et les fettuccine peuvent \u00eatre plac\u00e9es dans d&#8217;autres sections non r\u00e9frig\u00e9r\u00e9es.<\/p>\n<p>L&#8217;ouverture de nouveaux canaux de vente \u00e9tait d\u00e9j\u00e0 \u00e9vidente pendant la pand\u00e9mie avec l&#8217;ouverture de la <a href=\"https:\/\/botiga.carlit.cat\/fr\/\">boutique en ligne du Carlit.<\/a><\/p>\n<p>Le directeur de Carlit, Xavier Espu\u00f1a, assure que &#8220;l&#8217;engagement envers la durabilit\u00e9 a repr\u00e9sent\u00e9 un investissement et un effort tr\u00e8s importants pour une entreprise comme la n\u00f4tre, mais \u00eatre durable n&#8217;est pas une option. C&#8217;est une obligation&#8221;.<\/p>\n<p>Le nouvel emballage fait partie des actions de durabilit\u00e9 \u00e9conomique, environnementale et sociale que nous avons appel\u00e9es <a href=\"https:\/\/www.carlit.cat\/fr\/compromisos-carlit\/\">&#8220;Compromisos Carlit&#8221;.<\/a><\/p>\n<p>&nbsp;<\/p>\n<p><img loading=\"lazy\" decoding=\"async\" class=\"alignnone wp-image-3195 size-full\" src=\"https:\/\/www.carlit.cat\/wp-content\/uploads\/2022\/10\/Trinxat-Carlit-vidre-2.jpeg\" alt=\"\" width=\"700\" height=\"525\" srcset=\"https:\/\/www.carlit.cat\/wp-content\/uploads\/2022\/10\/Trinxat-Carlit-vidre-2.jpeg 700w, https:\/\/www.carlit.cat\/wp-content\/uploads\/2022\/10\/Trinxat-Carlit-vidre-2-300x225.jpeg 300w\" sizes=\"auto, (max-width: 700px) 100vw, 700px\" \/><\/p>\n","protected":false},"excerpt":{"rendered":"<p>La nouvelle ligne int\u00e8gre un emballage en verre et est introduite sur le march\u00e9 pour tout vin Carlit pr\u00e9sentera \u00e0 la VIIe Nit del Gourmet Catal\u00e0 la nouvelle gamme de produits conditionn\u00e9s dans des emballages en verre. Ainsi, le trinxat et le pa de fetge,&#8230;<\/p>\n","protected":false},"author":7,"featured_media":3197,"comment_status":"closed","ping_status":"closed","sticky":false,"template":"","format":"standard","meta":{"footnotes":""},"categories":[21],"tags":[],"class_list":["post-3208","post","type-post","status-publish","format-standard","has-post-thumbnail","hentry","category-news"],"_links":{"self":[{"href":"https:\/\/www.carlit.cat\/fr\/wp-json\/wp\/v2\/posts\/3208\/"}],"collection":[{"href":"https:\/\/www.carlit.cat\/fr\/wp-json\/wp\/v2\/posts\/"}],"about":[{"href":"https:\/\/www.carlit.cat\/fr\/wp-json\/wp\/v2\/types\/post\/"}],"author":[{"embeddable":true,"href":"https:\/\/www.carlit.cat\/fr\/wp-json\/wp\/v2\/users\/7\/"}],"replies":[{"embeddable":true,"href":"https:\/\/www.carlit.cat\/fr\/wp-json\/wp\/v2\/comments\/?post=3208"}],"version-history":[{"count":1,"href":"https:\/\/www.carlit.cat\/fr\/wp-json\/wp\/v2\/posts\/3208\/revisions\/"}],"predecessor-version":[{"id":3209,"href":"https:\/\/www.carlit.cat\/fr\/wp-json\/wp\/v2\/posts\/3208\/revisions\/3209\/"}],"wp:featuredmedia":[{"embeddable":true,"href":"https:\/\/www.carlit.cat\/fr\/wp-json\/wp\/v2\/media\/3197\/"}],"wp:attachment":[{"href":"https:\/\/www.carlit.cat\/fr\/wp-json\/wp\/v2\/media\/?parent=3208"}],"wp:term":[{"taxonomy":"category","embeddable":true,"href":"https:\/\/www.carlit.cat\/fr\/wp-json\/wp\/v2\/categories\/?post=3208"},{"taxonomy":"post_tag","embeddable":true,"href":"https:\/\/www.carlit.cat\/fr\/wp-json\/wp\/v2\/tags\/?post=3208"}],"curies":[{"name":"wp","href":"https:\/\/api.w.org\/{rel}","templated":true}]}}