{"id":2898,"date":"2021-10-19T14:34:30","date_gmt":"2021-10-19T14:34:30","guid":{"rendered":"https:\/\/www.carlit.cat\/?p=2898"},"modified":"2021-10-19T14:34:30","modified_gmt":"2021-10-19T14:34:30","slug":"nous-soutenons-le-club-gel-puigcerda","status":"publish","type":"post","link":"https:\/\/www.carlit.cat\/fr\/nous-soutenons-le-club-gel-puigcerda\/","title":{"rendered":"Nous soutenons le Club Gel Puigcerd\u00e0 en int\u00e9grant aux effectifs de carlit un joueur et une joueuse de hockey sur glace"},"content":{"rendered":"<p>Carlit a sign\u00e9 un accord avec le <a href=\"http:\/\/clubgelpuigcerda.com\/\">Club\u00a0Gel\u00a0Puigcerd\u00e0<\/a>, une r\u00e9f\u00e9rence en Cerdagne, pour int\u00e9grer dans nos effectifs des joueurs de l\u2019\u00e9quipe senior masculine et f\u00e9minine de hockey.<\/p>\n<p>Cette saison, nous avons donc cr\u00e9\u00e9 deux postes de travail \u00e0 horaires flexibles, qui permettront aux joueurs de concilier leur entra\u00eenement et leur emploi chez Carlit.<br \/>\nPour la saison 2021-22, la Bulgare Tina Lisichkova et le Russe Ignat Zemtchenko ont rejoint les effectifs de Carlit.<\/p>\n<p>Gr\u00e2ce \u00e0 cet accord, le Club Gel Puigcerd\u00e0 dispose d\u2019une incitation suppl\u00e9mentaire pour attirer les joueurs, tandis que Carlit contribue \u00e0 leur int\u00e9gration en Cerdagne.<\/p>\n<p>L\u2019\u00e9quipe de Carlit d\u00e9marre \u00e9galement cette saison en accueillant chaleureusement Tina et Ignat\u00a0!<\/p>\n<p><img loading=\"lazy\" decoding=\"async\" class=\"alignnone wp-image-2887 size-full\" src=\"https:\/\/www.carlit.cat\/wp-content\/uploads\/2021\/10\/WhatsApp-Image-2021-10-15-at-17.49.31.jpeg\" alt=\"\" width=\"1024\" height=\"576\" srcset=\"https:\/\/www.carlit.cat\/wp-content\/uploads\/2021\/10\/WhatsApp-Image-2021-10-15-at-17.49.31.jpeg 1024w, https:\/\/www.carlit.cat\/wp-content\/uploads\/2021\/10\/WhatsApp-Image-2021-10-15-at-17.49.31-300x169.jpeg 300w, https:\/\/www.carlit.cat\/wp-content\/uploads\/2021\/10\/WhatsApp-Image-2021-10-15-at-17.49.31-768x432.jpeg 768w, https:\/\/www.carlit.cat\/wp-content\/uploads\/2021\/10\/WhatsApp-Image-2021-10-15-at-17.49.31-700x394.jpeg 700w, https:\/\/www.carlit.cat\/wp-content\/uploads\/2021\/10\/WhatsApp-Image-2021-10-15-at-17.49.31-539x303.jpeg 539w\" sizes=\"auto, (max-width: 1024px) 100vw, 1024px\" \/><\/p>\n","protected":false},"excerpt":{"rendered":"<p>Carlit a sign\u00e9 un accord avec le Club\u00a0Gel\u00a0Puigcerd\u00e0, une r\u00e9f\u00e9rence en Cerdagne, pour int\u00e9grer dans nos effectifs des joueurs de l\u2019\u00e9quipe senior masculine et f\u00e9minine de hockey. Cette saison, nous avons donc cr\u00e9\u00e9 deux postes de travail \u00e0 horaires flexibles, qui permettront aux joueurs de&#8230;<\/p>\n","protected":false},"author":7,"featured_media":2889,"comment_status":"closed","ping_status":"closed","sticky":false,"template":"","format":"standard","meta":{"footnotes":""},"categories":[21],"tags":[],"class_list":["post-2898","post","type-post","status-publish","format-standard","has-post-thumbnail","hentry","category-news"],"_links":{"self":[{"href":"https:\/\/www.carlit.cat\/fr\/wp-json\/wp\/v2\/posts\/2898\/"}],"collection":[{"href":"https:\/\/www.carlit.cat\/fr\/wp-json\/wp\/v2\/posts\/"}],"about":[{"href":"https:\/\/www.carlit.cat\/fr\/wp-json\/wp\/v2\/types\/post\/"}],"author":[{"embeddable":true,"href":"https:\/\/www.carlit.cat\/fr\/wp-json\/wp\/v2\/users\/7\/"}],"replies":[{"embeddable":true,"href":"https:\/\/www.carlit.cat\/fr\/wp-json\/wp\/v2\/comments\/?post=2898"}],"version-history":[{"count":1,"href":"https:\/\/www.carlit.cat\/fr\/wp-json\/wp\/v2\/posts\/2898\/revisions\/"}],"predecessor-version":[{"id":2899,"href":"https:\/\/www.carlit.cat\/fr\/wp-json\/wp\/v2\/posts\/2898\/revisions\/2899\/"}],"wp:featuredmedia":[{"embeddable":true,"href":"https:\/\/www.carlit.cat\/fr\/wp-json\/wp\/v2\/media\/2889\/"}],"wp:attachment":[{"href":"https:\/\/www.carlit.cat\/fr\/wp-json\/wp\/v2\/media\/?parent=2898"}],"wp:term":[{"taxonomy":"category","embeddable":true,"href":"https:\/\/www.carlit.cat\/fr\/wp-json\/wp\/v2\/categories\/?post=2898"},{"taxonomy":"post_tag","embeddable":true,"href":"https:\/\/www.carlit.cat\/fr\/wp-json\/wp\/v2\/tags\/?post=2898"}],"curies":[{"name":"wp","href":"https:\/\/api.w.org\/{rel}","templated":true}]}}