{"id":2334,"date":"2020-09-18T12:28:41","date_gmt":"2020-09-18T12:28:41","guid":{"rendered":"https:\/\/www.carlit.cat\/?p=2334"},"modified":"2020-09-23T12:28:56","modified_gmt":"2020-09-23T12:28:56","slug":"reducimos-un-72-de-plastico-con-las-nuevas-bandejas-compostables-del-trinxat","status":"publish","type":"post","link":"https:\/\/www.carlit.cat\/fr\/reducimos-un-72-de-plastico-con-las-nuevas-bandejas-compostables-del-trinxat\/","title":{"rendered":"Reducimos un 72% de pl\u00e1stico con las nuevas bandejas compostables del Trinxat"},"content":{"rendered":"<p>Nuestro compromiso con la sostenibilidad da un salto adelante! Carlit sustituir\u00e1 las bandejas de pl\u00e1stico del trinxat, por unas bandejas fabricadas a partir de materiales vegetales renovables.<\/p>\n<p>Con esta apuesta, reduciremos un 72% el pl\u00e1stico que utiliz\u00e1bamos en el envasado del trinxat. Adem\u00e1s, la bandeja es biodegradable y 100% compostable. As\u00ed, se puede lanzar al contenedor de los restos org\u00e1nicos.<br \/>\nIgualmente, el cart\u00f3n que utilizamos para los embalajes exteriores es 100% reciclable y proviene de bosques gestionados respetando el entorno, acreditados con el sello <a href=\"https:\/\/es.fsc.org\/es-es\">FSC<\/a>.<\/p>\n<p>Contentos de compartir con vosotros un paso adelante m\u00e1s en el compromiso con la sostenibilidad que sumamos a los <a href=\"https:\/\/www.carlit.cat\/es\/compromisos-carlit\/\">#CompromisosCarlit.<\/a><\/p>\n","protected":false},"excerpt":{"rendered":"<p>Nuestro compromiso con la sostenibilidad da un salto adelante! Carlit sustituir\u00e1 las bandejas de pl\u00e1stico del trinxat, por unas bandejas fabricadas a partir de materiales vegetales renovables. Con esta apuesta, reduciremos un 72% el pl\u00e1stico que utiliz\u00e1bamos en el envasado del trinxat. Adem\u00e1s, la bandeja&#8230;<\/p>\n","protected":false},"author":6,"featured_media":2305,"comment_status":"closed","ping_status":"closed","sticky":false,"template":"","format":"standard","meta":{"footnotes":""},"categories":[21],"tags":[],"class_list":["post-2334","post","type-post","status-publish","format-standard","has-post-thumbnail","hentry","category-news"],"_links":{"self":[{"href":"https:\/\/www.carlit.cat\/fr\/wp-json\/wp\/v2\/posts\/2334\/"}],"collection":[{"href":"https:\/\/www.carlit.cat\/fr\/wp-json\/wp\/v2\/posts\/"}],"about":[{"href":"https:\/\/www.carlit.cat\/fr\/wp-json\/wp\/v2\/types\/post\/"}],"author":[{"embeddable":true,"href":"https:\/\/www.carlit.cat\/fr\/wp-json\/wp\/v2\/users\/6\/"}],"replies":[{"embeddable":true,"href":"https:\/\/www.carlit.cat\/fr\/wp-json\/wp\/v2\/comments\/?post=2334"}],"version-history":[{"count":1,"href":"https:\/\/www.carlit.cat\/fr\/wp-json\/wp\/v2\/posts\/2334\/revisions\/"}],"predecessor-version":[{"id":2335,"href":"https:\/\/www.carlit.cat\/fr\/wp-json\/wp\/v2\/posts\/2334\/revisions\/2335\/"}],"wp:featuredmedia":[{"embeddable":true,"href":"https:\/\/www.carlit.cat\/fr\/wp-json\/wp\/v2\/media\/2305\/"}],"wp:attachment":[{"href":"https:\/\/www.carlit.cat\/fr\/wp-json\/wp\/v2\/media\/?parent=2334"}],"wp:term":[{"taxonomy":"category","embeddable":true,"href":"https:\/\/www.carlit.cat\/fr\/wp-json\/wp\/v2\/categories\/?post=2334"},{"taxonomy":"post_tag","embeddable":true,"href":"https:\/\/www.carlit.cat\/fr\/wp-json\/wp\/v2\/tags\/?post=2334"}],"curies":[{"name":"wp","href":"https:\/\/api.w.org\/{rel}","templated":true}]}}