{"id":1697,"date":"2019-05-06T09:12:39","date_gmt":"2019-05-06T09:12:39","guid":{"rendered":"https:\/\/www.carlit.cat\/?p=1697"},"modified":"2019-05-06T09:12:39","modified_gmt":"2019-05-06T09:12:39","slug":"carlit-dans-le-magazine-viure-als-pirineus","status":"publish","type":"post","link":"https:\/\/www.carlit.cat\/fr\/carlit-dans-le-magazine-viure-als-pirineus\/","title":{"rendered":"Carlit, dans le magazine \u00ab Viure als Pirineus \u00bb"},"content":{"rendered":"<p>\u00ab\u00a0Viure als Pirineus\u00a0\u00bb a publi\u00e9 ce mois-ci un article sur l\u2019origine, les produits et la croissance de Carlit ces derni\u00e8res ann\u00e9es.<\/p>\n<p>L\u2019article d\u00e9finit Carlit comme une des \u00ab\u00a0entreprises alimentaires les plus embl\u00e9matiques de la Cerdagne\u00a0\u00bb. Il souligne le \u00ab\u00a0trinxat\u00a0\u00bb comme un produit phare, qui est actuellement commercialis\u00e9 en Catalogne, mais qui est \u00e9galement export\u00e9 vers la France et le Royaume Uni.<\/p>\n<p>Il \u00e9tait incontournable d\u2019y trouver un espace consacr\u00e9 aux d\u00e9buts de Carlit et sur la mani\u00e8re dont la famille gastronomique de produits de l\u2019entreprise s\u2019est petit \u00e0 petit agrandie exponentiellement, en soulignant les derniers produits sur le point d\u2019\u00eatre mis sur le march\u00e9\u00a0: la raclette et la fondue qui, malgr\u00e9 le fait de ne pas \u00eatre originaires de la Cerdagne, s\u2019inscrivent parfaitement dans la philosophie de Carlit de gastronomie montagnarde saine et facile \u00e0 pr\u00e9parer, et qui sont \u00e9labor\u00e9es avec des produits laitiers de la r\u00e9gion.<\/p>\n<p>Vous pouvez lire l\u2019article dans son int\u00e9gralit\u00e9 en cliquant <a href=\"https:\/\/www.viurealspirineus.cat\/articulo\/cerdanya\/carlit-trosset-cerdanya-casa-nostra\/20190501133951014146.html\"><strong>sur le lien suivant.<\/strong><\/a><\/p>\n<p><img loading=\"lazy\" decoding=\"async\" class=\"alignnone size-medium wp-image-1680\" src=\"https:\/\/www.carlit.cat\/wp-content\/uploads\/2019\/05\/viure-300x199.jpg\" alt=\"\" width=\"300\" height=\"199\" srcset=\"https:\/\/www.carlit.cat\/wp-content\/uploads\/2019\/05\/viure-300x199.jpg 300w, https:\/\/www.carlit.cat\/wp-content\/uploads\/2019\/05\/viure-768x509.jpg 768w, https:\/\/www.carlit.cat\/wp-content\/uploads\/2019\/05\/viure.jpg 800w, https:\/\/www.carlit.cat\/wp-content\/uploads\/2019\/05\/viure-700x464.jpg 700w\" sizes=\"auto, (max-width: 300px) 100vw, 300px\" \/><\/p>\n","protected":false},"excerpt":{"rendered":"<p>\u00ab\u00a0Viure als Pirineus\u00a0\u00bb a publi\u00e9 ce mois-ci un article sur l\u2019origine, les produits et la croissance de Carlit ces derni\u00e8res ann\u00e9es. L\u2019article d\u00e9finit Carlit comme une des \u00ab\u00a0entreprises alimentaires les plus embl\u00e9matiques de la Cerdagne\u00a0\u00bb. Il souligne le \u00ab\u00a0trinxat\u00a0\u00bb comme un produit phare, qui est&#8230;<\/p>\n","protected":false},"author":6,"featured_media":1680,"comment_status":"closed","ping_status":"closed","sticky":false,"template":"","format":"standard","meta":{"footnotes":""},"categories":[21],"tags":[],"class_list":["post-1697","post","type-post","status-publish","format-standard","has-post-thumbnail","hentry","category-news"],"_links":{"self":[{"href":"https:\/\/www.carlit.cat\/fr\/wp-json\/wp\/v2\/posts\/1697\/"}],"collection":[{"href":"https:\/\/www.carlit.cat\/fr\/wp-json\/wp\/v2\/posts\/"}],"about":[{"href":"https:\/\/www.carlit.cat\/fr\/wp-json\/wp\/v2\/types\/post\/"}],"author":[{"embeddable":true,"href":"https:\/\/www.carlit.cat\/fr\/wp-json\/wp\/v2\/users\/6\/"}],"replies":[{"embeddable":true,"href":"https:\/\/www.carlit.cat\/fr\/wp-json\/wp\/v2\/comments\/?post=1697"}],"version-history":[{"count":1,"href":"https:\/\/www.carlit.cat\/fr\/wp-json\/wp\/v2\/posts\/1697\/revisions\/"}],"predecessor-version":[{"id":1698,"href":"https:\/\/www.carlit.cat\/fr\/wp-json\/wp\/v2\/posts\/1697\/revisions\/1698\/"}],"wp:featuredmedia":[{"embeddable":true,"href":"https:\/\/www.carlit.cat\/fr\/wp-json\/wp\/v2\/media\/1680\/"}],"wp:attachment":[{"href":"https:\/\/www.carlit.cat\/fr\/wp-json\/wp\/v2\/media\/?parent=1697"}],"wp:term":[{"taxonomy":"category","embeddable":true,"href":"https:\/\/www.carlit.cat\/fr\/wp-json\/wp\/v2\/categories\/?post=1697"},{"taxonomy":"post_tag","embeddable":true,"href":"https:\/\/www.carlit.cat\/fr\/wp-json\/wp\/v2\/tags\/?post=1697"}],"curies":[{"name":"wp","href":"https:\/\/api.w.org\/{rel}","templated":true}]}}