{"id":816,"date":"2016-06-15T21:53:52","date_gmt":"2016-06-15T21:53:52","guid":{"rendered":"https:\/\/www.carlit.cat\/els-productes-de-carlit-seran-a-la-presentacio-de-les-activitats-destiu-del-grup-fgc\/"},"modified":"2020-03-23T15:23:16","modified_gmt":"2020-03-23T15:23:16","slug":"productos-carlit-grupo-fgc","status":"publish","type":"post","link":"https:\/\/www.carlit.cat\/es\/productos-carlit-grupo-fgc\/","title":{"rendered":"Los productos de Carlit estar\u00e1n en la presentaci\u00f3n de las actividades de verano del Grupo FGC"},"content":{"rendered":"<p><a href=\"https:\/\/www.carlit.cat\/wp-content\/uploads\/2019\/01\/Invitacio-Acte-Presentacio-Activitats-dEstiu.jpg\" data-rel=\"lightbox-image-0\" data-rl_title=\"\" data-rl_caption=\"\" title=\"\"><img loading=\"lazy\" decoding=\"async\" class=\"alignleft size-medium\" src=\"https:\/\/www.carlit.cat\/wp-content\/uploads\/2019\/01\/Invitacio-Acte-Presentacio-Activitats-dEstiu.jpg\" alt=\"Proposta invitaci\u00f3_V4_relacions institucionals_tz\" width=\"300\" height=\"283\" \/><\/a>El pan de h\u00edgado, la longaniza y el trinxat de Carlit estar\u00e1n presentes en el acto que servir\u00e1 para dar a conocer las actividades de verano del Grupo Ferrocarrils de la Generalitat de Catalunya. El evento tendr\u00e1 lugar este jueves por la tarde, 16 de junio, en las terrazas de la estaci\u00f3n de Vallvidrera Superior.<\/p>\n<p>Para hacer m\u00e1s sabrosa la presentaci\u00f3n, tendr\u00e1 lugar una cata de productos. Las delicias de Carlit ser\u00e1n las encargadas de representar a la Cerdanya. Habr\u00e1 gastronom\u00eda de otras comarcas como el Pallars, el Segri\u00e0, la Noguera, el Ripoll\u00e8s, el Bages, el Bergued\u00e0 y el Alt Pened\u00e8s. La cata de productos estar\u00e1 amenizada por la m\u00fasica de un violoncelista que tocar\u00e1 en directo.<\/p>\n","protected":false},"excerpt":{"rendered":"<p>El pan de h\u00edgado, la longaniza y el trinxat de Carlit estar\u00e1n presentes en el acto que servir\u00e1 para dar a conocer las actividades de verano del Grupo Ferrocarrils de la Generalitat de Catalunya. El evento tendr\u00e1 lugar este jueves por la tarde, 16 de&#8230;<\/p>\n","protected":false},"author":6,"featured_media":814,"comment_status":"closed","ping_status":"closed","sticky":false,"template":"","format":"standard","meta":{"footnotes":""},"categories":[55,21],"tags":[],"class_list":["post-816","post","type-post","status-publish","format-standard","has-post-thumbnail","hentry","category-evento","category-news"],"_links":{"self":[{"href":"https:\/\/www.carlit.cat\/es\/wp-json\/wp\/v2\/posts\/816\/"}],"collection":[{"href":"https:\/\/www.carlit.cat\/es\/wp-json\/wp\/v2\/posts\/"}],"about":[{"href":"https:\/\/www.carlit.cat\/es\/wp-json\/wp\/v2\/types\/post\/"}],"author":[{"embeddable":true,"href":"https:\/\/www.carlit.cat\/es\/wp-json\/wp\/v2\/users\/6\/"}],"replies":[{"embeddable":true,"href":"https:\/\/www.carlit.cat\/es\/wp-json\/wp\/v2\/comments\/?post=816"}],"version-history":[{"count":1,"href":"https:\/\/www.carlit.cat\/es\/wp-json\/wp\/v2\/posts\/816\/revisions\/"}],"predecessor-version":[{"id":817,"href":"https:\/\/www.carlit.cat\/es\/wp-json\/wp\/v2\/posts\/816\/revisions\/817\/"}],"wp:featuredmedia":[{"embeddable":true,"href":"https:\/\/www.carlit.cat\/es\/wp-json\/wp\/v2\/media\/814\/"}],"wp:attachment":[{"href":"https:\/\/www.carlit.cat\/es\/wp-json\/wp\/v2\/media\/?parent=816"}],"wp:term":[{"taxonomy":"category","embeddable":true,"href":"https:\/\/www.carlit.cat\/es\/wp-json\/wp\/v2\/categories\/?post=816"},{"taxonomy":"post_tag","embeddable":true,"href":"https:\/\/www.carlit.cat\/es\/wp-json\/wp\/v2\/tags\/?post=816"}],"curies":[{"name":"wp","href":"https:\/\/api.w.org\/{rel}","templated":true}]}}