{"id":763,"date":"2016-07-04T21:44:32","date_gmt":"2016-07-04T21:44:32","guid":{"rendered":"https:\/\/www.carlit.cat\/carlit-sera-a-la-trobada-dinstagramers-de-la-molina\/"},"modified":"2020-03-23T15:21:15","modified_gmt":"2020-03-23T15:21:15","slug":"carlit-encuentro-instagramers-la-molina","status":"publish","type":"post","link":"https:\/\/www.carlit.cat\/es\/carlit-encuentro-instagramers-la-molina\/","title":{"rendered":"Carlit estar\u00e1 en el encuentro de instagramers de La Molina"},"content":{"rendered":"<p><a href=\"https:\/\/www.carlit.cat\/wp-content\/uploads\/2019\/01\/carlit-instagramers-la-molina.jpg\" data-rel=\"lightbox-image-0\" data-rl_title=\"\" data-rl_caption=\"\" title=\"\"><img loading=\"lazy\" decoding=\"async\" class=\"alignleft size-medium\" src=\"https:\/\/www.carlit.cat\/wp-content\/uploads\/2019\/01\/carlit-instagramers-la-molina.jpg\" width=\"300\" height=\"217\" \/><\/a>Carlit no se lo quiere perder y por eso este domingo 10 de julio participar\u00e1 en el encuentro de usuarios de la red social Instagram que se har\u00e1 en la estaci\u00f3n de esqu\u00ed de La Molina.<\/p>\n<p>Lo han organizado conjuntamente la estaci\u00f3n de esqu\u00ed con el perfil de Instagram @DescobreixCatalunya y tienen como lema la etiqueta #DescobreixLaMolina.<\/p>\n<p>Durante la jornada los instagramers participaran en diversas actividades. Subir\u00e1n al Telecabina, se ba\u00f1aran a la piscina, disfrutaran de juegos de agua y del circuito fauna, tripularan una barca y montaran en poni, entre otras actividades. <\/p>\n<p>Todos los instagramers que suban las fotograf\u00edas que hagan durante la jornada a Instagram entraran en un concurso. Los requisitos principales son etiquetar las im\u00e1genes con las etiquetas #DescobreixLaMolina y #descobreixcatalunya y captar a la perfecci\u00f3n el esp\u00edritu de la jornada ya que es lo que se valorar\u00e1. <\/p>\n<p>El plazo para presentar las fotos acabar\u00e1 el viernes 15 de julio a medianoche, y durante la semana del 18 de julio se anunciaran los ganadores. Los premios a los que optan han estado cedidos por varios colaboradores y patrocinadores entre los que se encuentra Carlit. <\/p>\n","protected":false},"excerpt":{"rendered":"<p>Carlit no se lo quiere perder y por eso este domingo 10 de julio participar\u00e1 en el encuentro de usuarios de la red social Instagram que se har\u00e1 en la estaci\u00f3n de esqu\u00ed de La Molina. Lo han organizado conjuntamente la estaci\u00f3n de esqu\u00ed con&#8230;<\/p>\n","protected":false},"author":6,"featured_media":761,"comment_status":"closed","ping_status":"closed","sticky":false,"template":"","format":"standard","meta":{"footnotes":""},"categories":[55,21],"tags":[],"class_list":["post-763","post","type-post","status-publish","format-standard","has-post-thumbnail","hentry","category-evento","category-news"],"_links":{"self":[{"href":"https:\/\/www.carlit.cat\/es\/wp-json\/wp\/v2\/posts\/763\/"}],"collection":[{"href":"https:\/\/www.carlit.cat\/es\/wp-json\/wp\/v2\/posts\/"}],"about":[{"href":"https:\/\/www.carlit.cat\/es\/wp-json\/wp\/v2\/types\/post\/"}],"author":[{"embeddable":true,"href":"https:\/\/www.carlit.cat\/es\/wp-json\/wp\/v2\/users\/6\/"}],"replies":[{"embeddable":true,"href":"https:\/\/www.carlit.cat\/es\/wp-json\/wp\/v2\/comments\/?post=763"}],"version-history":[{"count":1,"href":"https:\/\/www.carlit.cat\/es\/wp-json\/wp\/v2\/posts\/763\/revisions\/"}],"predecessor-version":[{"id":764,"href":"https:\/\/www.carlit.cat\/es\/wp-json\/wp\/v2\/posts\/763\/revisions\/764\/"}],"wp:featuredmedia":[{"embeddable":true,"href":"https:\/\/www.carlit.cat\/es\/wp-json\/wp\/v2\/media\/761\/"}],"wp:attachment":[{"href":"https:\/\/www.carlit.cat\/es\/wp-json\/wp\/v2\/media\/?parent=763"}],"wp:term":[{"taxonomy":"category","embeddable":true,"href":"https:\/\/www.carlit.cat\/es\/wp-json\/wp\/v2\/categories\/?post=763"},{"taxonomy":"post_tag","embeddable":true,"href":"https:\/\/www.carlit.cat\/es\/wp-json\/wp\/v2\/tags\/?post=763"}],"curies":[{"name":"wp","href":"https:\/\/api.w.org\/{rel}","templated":true}]}}