{"id":747,"date":"2016-07-13T21:37:05","date_gmt":"2016-07-13T21:37:05","guid":{"rendered":"https:\/\/www.carlit.cat\/carlit-patrocina-la-ceretana-dalpi-en-linia\/"},"modified":"2020-03-23T15:21:14","modified_gmt":"2020-03-23T15:21:14","slug":"carlit-patrocina-la-ceretana-de-alpino-en-linea","status":"publish","type":"post","link":"https:\/\/www.carlit.cat\/es\/carlit-patrocina-la-ceretana-de-alpino-en-linea\/","title":{"rendered":"Carlit patrocina La Ceretana de alpino en l\u00ednea"},"content":{"rendered":"<p><a href=\"https:\/\/www.carlit.cat\/wp-content\/uploads\/2019\/01\/Poster_La-Ceretana2016.jpg\" data-rel=\"lightbox-image-0\" data-rl_title=\"\" data-rl_caption=\"\" title=\"\"><img loading=\"lazy\" decoding=\"async\" class=\"alignleft size-medium\" src=\"https:\/\/www.carlit.cat\/wp-content\/uploads\/2019\/01\/Poster_La-Ceretana2016.jpg\" alt=\"Poster_La Ceretana2016\" width=\"212\" height=\"300\" \/><\/a>Carlit es patrocinador de la Ceretana de alpino en l\u00ednea que se disputara este fin de semana, 16 y 17 de julio, en la avenida Catalu\u00f1a de Puigcerd\u00e0. <\/p>\n<p>La prueba forma parte de la primera fase de la Liga Catalana y tambi\u00e9n de la primera fase de la Copa de Espa\u00f1a. La organizan Pyrene Inline, la Federaci\u00f3n Catalana de Patinaje, el Consejo Superior de Deportes y la Real Federaci\u00f3n de Patinaje.<\/p>\n","protected":false},"excerpt":{"rendered":"<p>Carlit es patrocinador de la Ceretana de alpino en l\u00ednea que se disputara este fin de semana, 16 y 17 de julio, en la avenida Catalu\u00f1a de Puigcerd\u00e0. La prueba forma parte de la primera fase de la Liga Catalana y tambi\u00e9n de la primera&#8230;<\/p>\n","protected":false},"author":6,"featured_media":745,"comment_status":"closed","ping_status":"closed","sticky":false,"template":"","format":"standard","meta":{"footnotes":""},"categories":[55,21],"tags":[],"class_list":["post-747","post","type-post","status-publish","format-standard","has-post-thumbnail","hentry","category-evento","category-news"],"_links":{"self":[{"href":"https:\/\/www.carlit.cat\/es\/wp-json\/wp\/v2\/posts\/747\/"}],"collection":[{"href":"https:\/\/www.carlit.cat\/es\/wp-json\/wp\/v2\/posts\/"}],"about":[{"href":"https:\/\/www.carlit.cat\/es\/wp-json\/wp\/v2\/types\/post\/"}],"author":[{"embeddable":true,"href":"https:\/\/www.carlit.cat\/es\/wp-json\/wp\/v2\/users\/6\/"}],"replies":[{"embeddable":true,"href":"https:\/\/www.carlit.cat\/es\/wp-json\/wp\/v2\/comments\/?post=747"}],"version-history":[{"count":1,"href":"https:\/\/www.carlit.cat\/es\/wp-json\/wp\/v2\/posts\/747\/revisions\/"}],"predecessor-version":[{"id":748,"href":"https:\/\/www.carlit.cat\/es\/wp-json\/wp\/v2\/posts\/747\/revisions\/748\/"}],"wp:featuredmedia":[{"embeddable":true,"href":"https:\/\/www.carlit.cat\/es\/wp-json\/wp\/v2\/media\/745\/"}],"wp:attachment":[{"href":"https:\/\/www.carlit.cat\/es\/wp-json\/wp\/v2\/media\/?parent=747"}],"wp:term":[{"taxonomy":"category","embeddable":true,"href":"https:\/\/www.carlit.cat\/es\/wp-json\/wp\/v2\/categories\/?post=747"},{"taxonomy":"post_tag","embeddable":true,"href":"https:\/\/www.carlit.cat\/es\/wp-json\/wp\/v2\/tags\/?post=747"}],"curies":[{"name":"wp","href":"https:\/\/api.w.org\/{rel}","templated":true}]}}