{"id":730,"date":"2016-09-13T20:36:45","date_gmt":"2016-09-13T20:36:45","guid":{"rendered":"https:\/\/www.carlit.cat\/carlit-es-vestira-de-gala-per-assistir-a-la-ii-nit-del-gourmet-catala\/"},"modified":"2020-03-23T15:21:14","modified_gmt":"2020-03-23T15:21:14","slug":"carlit-2-noche-del-gourmet-catala","status":"publish","type":"post","link":"https:\/\/www.carlit.cat\/es\/carlit-2-noche-del-gourmet-catala\/","title":{"rendered":"Carlit se vestir\u00e1 de gala para asistir a la II Noche del Gourmet Catal\u00e1n"},"content":{"rendered":"<p><a href=\"https:\/\/www.carlit.cat\/wp-content\/uploads\/2019\/01\/carlit-2-nit-gourmet-catala.jpg\" data-rel=\"lightbox-image-0\" data-rl_title=\"\" data-rl_caption=\"\" title=\"\"><img loading=\"lazy\" decoding=\"async\" class=\"alignleft \" src=\"https:\/\/www.carlit.cat\/wp-content\/uploads\/2019\/01\/carlit-2-nit-gourmet-catala.jpg\" alt=\"Sin t\u00edtulo\" width=\"375\" height=\"195\" \/><\/a>El pr\u00f3ximo 3 de octubre tendr\u00e1 lugar uno de los actos m\u00e1s esperados para los miembros del Cl\u00faster Catalonia Gourmet: la Noche del Gourmet Catal\u00e1n. Este a\u00f1o ser\u00e1 la segunda edici\u00f3n y como escenario se ha escogido el majestuoso Palau de Pedralbes de Barcelona.<\/p>\n<p>El acto tiene como protagonistas empresas como Carlit, dedicadas al retail y a la restauraci\u00f3n gourmet. Adem\u00e1s, se convierte en una buena ocasi\u00f3n para promover el producto, conocer su tradici\u00f3n y saber m\u00e1s sobre el origen y el territorio. La Noche del Gourmet Catal\u00e1n tiene por objetivo consolidarse y devenir un punto de encuentro clave para todos los miembros del sector a Catalu\u00f1a.<\/p>\n<p>En esta edici\u00f3n participan unas cincuenta personas asociadas del Cl\u00faster y se podr\u00e1 disfrutar de un recorrido por las diferentes salas del Palau todo descubriendo una amplia representaci\u00f3n de lo que se hace en Catalu\u00f1a en alimentaci\u00f3n gourmet.  <\/p>\n","protected":false},"excerpt":{"rendered":"<p>El pr\u00f3ximo 3 de octubre tendr\u00e1 lugar uno de los actos m\u00e1s esperados para los miembros del Cl\u00faster Catalonia Gourmet: la Noche del Gourmet Catal\u00e1n. Este a\u00f1o ser\u00e1 la segunda edici\u00f3n y como escenario se ha escogido el majestuoso Palau de Pedralbes de Barcelona. El&#8230;<\/p>\n","protected":false},"author":6,"featured_media":728,"comment_status":"closed","ping_status":"closed","sticky":false,"template":"","format":"standard","meta":{"footnotes":""},"categories":[55,21],"tags":[],"class_list":["post-730","post","type-post","status-publish","format-standard","has-post-thumbnail","hentry","category-evento","category-news"],"_links":{"self":[{"href":"https:\/\/www.carlit.cat\/es\/wp-json\/wp\/v2\/posts\/730\/"}],"collection":[{"href":"https:\/\/www.carlit.cat\/es\/wp-json\/wp\/v2\/posts\/"}],"about":[{"href":"https:\/\/www.carlit.cat\/es\/wp-json\/wp\/v2\/types\/post\/"}],"author":[{"embeddable":true,"href":"https:\/\/www.carlit.cat\/es\/wp-json\/wp\/v2\/users\/6\/"}],"replies":[{"embeddable":true,"href":"https:\/\/www.carlit.cat\/es\/wp-json\/wp\/v2\/comments\/?post=730"}],"version-history":[{"count":2,"href":"https:\/\/www.carlit.cat\/es\/wp-json\/wp\/v2\/posts\/730\/revisions\/"}],"predecessor-version":[{"id":732,"href":"https:\/\/www.carlit.cat\/es\/wp-json\/wp\/v2\/posts\/730\/revisions\/732\/"}],"wp:featuredmedia":[{"embeddable":true,"href":"https:\/\/www.carlit.cat\/es\/wp-json\/wp\/v2\/media\/728\/"}],"wp:attachment":[{"href":"https:\/\/www.carlit.cat\/es\/wp-json\/wp\/v2\/media\/?parent=730"}],"wp:term":[{"taxonomy":"category","embeddable":true,"href":"https:\/\/www.carlit.cat\/es\/wp-json\/wp\/v2\/categories\/?post=730"},{"taxonomy":"post_tag","embeddable":true,"href":"https:\/\/www.carlit.cat\/es\/wp-json\/wp\/v2\/tags\/?post=730"}],"curies":[{"name":"wp","href":"https:\/\/api.w.org\/{rel}","templated":true}]}}