{"id":722,"date":"2016-10-31T18:50:29","date_gmt":"2016-10-31T18:50:29","guid":{"rendered":"https:\/\/www.carlit.cat\/el-diari-la-vanguardia-parla-de-carlit\/"},"modified":"2020-03-23T15:20:05","modified_gmt":"2020-03-23T15:20:05","slug":"la-vanguardia-habla-de-carlit","status":"publish","type":"post","link":"https:\/\/www.carlit.cat\/es\/la-vanguardia-habla-de-carlit\/","title":{"rendered":"El diario &#8220;La Vanguardia&#8221; habla de Carlit"},"content":{"rendered":"<p>&#8220;El trinxat m\u00e9s universal&#8221; es el titular de la noticia que La Vanguardia ha publicado sobre Artesan\u00edas Carlit. El gerente de la empresa, Xavier Espu\u00f1a, habla de la situaci\u00f3n actual y tambi\u00e9n de los retos de futuro. <\/p>\n<p>A continuaci\u00f3n pod\u00e9is leer el art\u00edculo completo: <\/p>\n<p><a href=\"https:\/\/www.carlit.cat\/wp-content\/uploads\/2019\/01\/L59.jpg\" data-rel=\"lightbox-image-0\" data-rl_title=\"\" data-rl_caption=\"\" title=\"\"><img loading=\"lazy\" decoding=\"async\" class=\"alignleft size-large\" src=\"https:\/\/www.carlit.cat\/wp-content\/uploads\/2019\/01\/L59.jpg\" alt=\"L59\" width=\"900\" height=\"1024\" \/><\/a><\/p>\n","protected":false},"excerpt":{"rendered":"<p>&#8220;El trinxat m\u00e9s universal&#8221; es el titular de la noticia que La Vanguardia ha publicado sobre Artesan\u00edas Carlit. El gerente de la empresa, Xavier Espu\u00f1a, habla de la situaci\u00f3n actual y tambi\u00e9n de los retos de futuro. A continuaci\u00f3n pod\u00e9is leer el art\u00edculo completo:<\/p>\n","protected":false},"author":6,"featured_media":720,"comment_status":"closed","ping_status":"closed","sticky":false,"template":"","format":"standard","meta":{"footnotes":""},"categories":[56,21],"tags":[],"class_list":["post-722","post","type-post","status-publish","format-standard","has-post-thumbnail","hentry","category-medios-de-comunicacion","category-news"],"_links":{"self":[{"href":"https:\/\/www.carlit.cat\/es\/wp-json\/wp\/v2\/posts\/722\/"}],"collection":[{"href":"https:\/\/www.carlit.cat\/es\/wp-json\/wp\/v2\/posts\/"}],"about":[{"href":"https:\/\/www.carlit.cat\/es\/wp-json\/wp\/v2\/types\/post\/"}],"author":[{"embeddable":true,"href":"https:\/\/www.carlit.cat\/es\/wp-json\/wp\/v2\/users\/6\/"}],"replies":[{"embeddable":true,"href":"https:\/\/www.carlit.cat\/es\/wp-json\/wp\/v2\/comments\/?post=722"}],"version-history":[{"count":1,"href":"https:\/\/www.carlit.cat\/es\/wp-json\/wp\/v2\/posts\/722\/revisions\/"}],"predecessor-version":[{"id":723,"href":"https:\/\/www.carlit.cat\/es\/wp-json\/wp\/v2\/posts\/722\/revisions\/723\/"}],"wp:featuredmedia":[{"embeddable":true,"href":"https:\/\/www.carlit.cat\/es\/wp-json\/wp\/v2\/media\/720\/"}],"wp:attachment":[{"href":"https:\/\/www.carlit.cat\/es\/wp-json\/wp\/v2\/media\/?parent=722"}],"wp:term":[{"taxonomy":"category","embeddable":true,"href":"https:\/\/www.carlit.cat\/es\/wp-json\/wp\/v2\/categories\/?post=722"},{"taxonomy":"post_tag","embeddable":true,"href":"https:\/\/www.carlit.cat\/es\/wp-json\/wp\/v2\/tags\/?post=722"}],"curies":[{"name":"wp","href":"https:\/\/api.w.org\/{rel}","templated":true}]}}