{"id":706,"date":"2017-03-29T18:38:23","date_gmt":"2017-03-29T18:38:23","guid":{"rendered":"https:\/\/www.carlit.cat\/ja-es-aqui-la-trinxeta-la-nova-food-truck-de-carlit\/"},"modified":"2020-03-23T15:18:43","modified_gmt":"2020-03-23T15:18:43","slug":"trinxeta-la-nueva-food-truck-carlit","status":"publish","type":"post","link":"https:\/\/www.carlit.cat\/es\/trinxeta-la-nueva-food-truck-carlit\/","title":{"rendered":"Ya est\u00e1 aqu\u00ed la Trinxeta, la nueva food truck de Carlit"},"content":{"rendered":"<p>El trinxat de la Cerdanya dar\u00e1 vueltas por toda Catalu\u00f1a con la Trinxeta, la food truck de trinxat que ha presentado Carlit esta ma\u00f1ana en un acto multitudinario en el Hotel Alimara de Barcelona. La Trinxeta ser\u00e1 itinerante y permitir\u00e1 llevar el trinxat, producto estrella de Carlit, en todo tipo de actos como ferias, mercados y conciertos.<\/p>\n<p>Con la creaci\u00f3n de la Trinxeta, Carlit pretende acercar la gastronom\u00eda tradicional y las verduras a toda la poblaci\u00f3n pero especialmente al p\u00fablico Millennial y a los j\u00f3venes. La food truck permitir\u00e1 consumir el trinxat &#8216;in situ&#8217;, caliente y con la posibilidad de personalizarlo con varias propuestas de toppings.<\/p>\n<p>El acto de presentaci\u00f3n de La Trinxeta ha servido para descubrir la furgoneta y su imagen corporativa y ofreci\u00f3 a todos los asistentes un Instashow de la instagramer Laura Ponts. Para Carlit, la Trinxeta va m\u00e1s all\u00e1 de ser s\u00f3lo una food truck, quiere convertirse en una nueva manera de consumir el trinxat, por eso desde Carlit se ha vinculado la food truck con un personaje corporativo creado para la ocasi\u00f3n, N\u00faria Cerd\u00e0, tambi\u00e9n conocida como la Trinxeta.<\/p>\n<p>La food truck de Carlit es una buena muestra de c\u00f3mo la empresa busca nuevos canales de difusi\u00f3n de sus productos de alimentaci\u00f3n para llegar a nuevos p\u00fablicos.<\/p>\n<p><a href=\"https:\/\/www.carlit.cat\/wp-content\/uploads\/2019\/01\/trinxeta-170329-1.jpg\" data-rel=\"lightbox-image-0\" data-rl_title=\"\" data-rl_caption=\"\" title=\"\"><img loading=\"lazy\" decoding=\"async\" class=\"alignright size-large\" src=\"https:\/\/www.carlit.cat\/wp-content\/uploads\/2019\/01\/trinxeta-170329-1.jpg\" alt=\"trinxeta\" width=\"1024\" height=\"682\" \/><\/a><\/p>\n","protected":false},"excerpt":{"rendered":"<p>El trinxat de la Cerdanya dar\u00e1 vueltas por toda Catalu\u00f1a con la Trinxeta, la food truck de trinxat que ha presentado Carlit esta ma\u00f1ana en un acto multitudinario en el Hotel Alimara de Barcelona. La Trinxeta ser\u00e1 itinerante y permitir\u00e1 llevar el trinxat, producto estrella&#8230;<\/p>\n","protected":false},"author":6,"featured_media":704,"comment_status":"closed","ping_status":"closed","sticky":false,"template":"","format":"standard","meta":{"footnotes":""},"categories":[58,21],"tags":[],"class_list":["post-706","post","type-post","status-publish","format-standard","has-post-thumbnail","hentry","category-empresa-news","category-news"],"_links":{"self":[{"href":"https:\/\/www.carlit.cat\/es\/wp-json\/wp\/v2\/posts\/706\/"}],"collection":[{"href":"https:\/\/www.carlit.cat\/es\/wp-json\/wp\/v2\/posts\/"}],"about":[{"href":"https:\/\/www.carlit.cat\/es\/wp-json\/wp\/v2\/types\/post\/"}],"author":[{"embeddable":true,"href":"https:\/\/www.carlit.cat\/es\/wp-json\/wp\/v2\/users\/6\/"}],"replies":[{"embeddable":true,"href":"https:\/\/www.carlit.cat\/es\/wp-json\/wp\/v2\/comments\/?post=706"}],"version-history":[{"count":1,"href":"https:\/\/www.carlit.cat\/es\/wp-json\/wp\/v2\/posts\/706\/revisions\/"}],"predecessor-version":[{"id":707,"href":"https:\/\/www.carlit.cat\/es\/wp-json\/wp\/v2\/posts\/706\/revisions\/707\/"}],"wp:featuredmedia":[{"embeddable":true,"href":"https:\/\/www.carlit.cat\/es\/wp-json\/wp\/v2\/media\/704\/"}],"wp:attachment":[{"href":"https:\/\/www.carlit.cat\/es\/wp-json\/wp\/v2\/media\/?parent=706"}],"wp:term":[{"taxonomy":"category","embeddable":true,"href":"https:\/\/www.carlit.cat\/es\/wp-json\/wp\/v2\/categories\/?post=706"},{"taxonomy":"post_tag","embeddable":true,"href":"https:\/\/www.carlit.cat\/es\/wp-json\/wp\/v2\/tags\/?post=706"}],"curies":[{"name":"wp","href":"https:\/\/api.w.org\/{rel}","templated":true}]}}