{"id":697,"date":"2017-03-29T18:34:41","date_gmt":"2017-03-29T18:34:41","guid":{"rendered":"https:\/\/www.carlit.cat\/ja-hem-presentat-la-trinxeta\/"},"modified":"2020-03-23T15:19:21","modified_gmt":"2020-03-23T15:19:21","slug":"hemos-presentado-la-trinxeta","status":"publish","type":"post","link":"https:\/\/www.carlit.cat\/es\/hemos-presentado-la-trinxeta\/","title":{"rendered":"\u00a1Ya hemos presentado la Trinxeta!"},"content":{"rendered":"<div class=\"wpb-content-wrapper\"><p>[vc_row css_animation=&#8221;&#8221; row_type=&#8221;row&#8221; use_row_as_full_screen_section=&#8221;no&#8221; type=&#8221;full_width&#8221; angled_section=&#8221;no&#8221; text_align=&#8221;left&#8221; background_image_as_pattern=&#8221;without_pattern&#8221;][vc_column width=&#8221;1\/2&#8243;][vc_column_text css=&#8221;.vc_custom_1490864596711{margin-bottom: 10px !important;}&#8221;]Me mor\u00eda de ganas y por fin ya la tenemos aqu\u00ed: <strong>\u00a1la food truck de la Trinxeta ya es una realidad!<\/strong> Carlit la ha presentado este mi\u00e9rcoles y a partir de ahora ya la podremos hacer dar vueltas para llevar el trinxat por todas las carreteras y lugares de Catalu\u00f1a. <strong>\u00a1Trinxat on the road!<\/strong>[\/vc_column_text]<blockquote class=' with_quote_icon' style='background-color: #fad5b0;'><i class='fa fa-quote-right' style='color: #713116;'><\/i><h5 class='blockquote-text' style='color: #713116;'>Cuando le han quitado la tela que la escond\u00eda, casi se me escapaban las l\u00e1grimas<\/h5><\/blockquote>[vc_column_text css=&#8221;.vc_custom_1490865181323{margin-top: 10px !important;}&#8221;]<strong>El acto de presentaci\u00f3n se ha hecho este mediod\u00eda en el Hotel Alimara de Barcelona y no pod\u00eda faltar.<\/strong> Si me hubierais visto en el metro mientras iba hacia all\u00ed, des de Liceu hasta Mundet, con los cascos puestos y una sonrisa de oreja a oreja y bien embobada, seguro que os habr\u00eda traspasado mi felicidad.<\/p>\n<p>Antes de descubrir la food truck, que se ha quedado bien tapada hasta el final, <strong>he disfrutado mucho con el Instashow que nos ha hecho Laura Ponts<\/strong> para ense\u00f1arnos c\u00f3mo hace esas fotos tan aut\u00e9nticas que cuelga en redes. No hace falta ser una foodie para que se te abra el apetito viendo c\u00f3mo trata los alimentos. \u00a1Es un espect\u00e1culo!<\/p>\n<p>Y despu\u00e9s, <strong>todos hacia afuera para ver la Trinxeta<\/strong>. Cuando le han quitado la tela que escond\u00eda, casi he estado a punto de llorar de emoci\u00f3n. \u00a1Ha quedado preciosa! A\u00fan noto temblores por todo el cuerpo y creo que no me los podr\u00e9 sacar en d\u00edas.  <strong>\u00a1La Trinxeta empieza a rodar!<\/strong>[\/vc_column_text][\/vc_column][vc_column width=&#8221;1\/2&#8243;][vc_single_image image=&#8221;694&#8243; img_size=&#8221;full&#8221; alignment=&#8221;center&#8221; onclick=&#8221;img_link_large&#8221; qode_css_animation=&#8221;&#8221;][\/vc_column][\/vc_row][vc_row css_animation=&#8221;&#8221; row_type=&#8221;row&#8221; use_row_as_full_screen_section=&#8221;no&#8221; type=&#8221;full_width&#8221; angled_section=&#8221;no&#8221; text_align=&#8221;left&#8221; background_image_as_pattern=&#8221;without_pattern&#8221;][vc_column][vc_empty_space][vc_text_separator title=&#8221;\u00daltims posts&#8221; border=&#8221;yes&#8221;][vc_empty_space]\r\n<div class='latest_post_holder boxes three_columns one_row' >\r\n    <ul>\r\n    \r\n        <li class=\"clearfix\">\r\n            <div class=\"boxes_image\">\r\n                <a itemprop=\"url\" href=\"https:\/\/www.carlit.cat\/trinxeta-aerodrom-das\/\"><img loading=\"lazy\" decoding=\"async\" width=\"539\" height=\"303\" src=\"https:\/\/www.carlit.cat\/wp-content\/uploads\/2022\/07\/Trinxeta-Das-539x303.jpeg\" class=\"attachment-latest_post_boxes size-latest_post_boxes wp-post-image\" alt=\"\" \/><\/a>\r\n            <\/div>\r\n            <div class=\"latest_post\"  >\r\n                <div class=\"latest_post_text\">\r\n                    <div class=\"latest_post_inner\">\r\n                        <div class=\"latest_post_text_inner\">\r\n                            <h5 itemprop=\"name\" class=\"latest_post_title entry_title\"><a itemprop=\"url\" href=\"https:\/\/www.carlit.cat\/trinxeta-aerodrom-das\/\">La Trinxeta s\u2019instal\u00b7la tot l\u2019estiu a la piscina de l\u2019Aer\u00f2drom de Cerdanya, a Das!<\/a><\/h5>\r\n                            <p itemprop=\"description\" class=\"excerpt\">Aquest estiu no hi ha calor que ens aturi! Hem instal\u00b7lat la nostra Trinxeta a la piscina de l\u2019Aer\u00f2drom de Cerdanya, a Das. Com que el restaurant est\u00e0 tancat per reformes, doncs nosaltres hi portem la gastronomia de la Cerdanya i ja est\u00e0! Us hi......<\/p>\r\n                            <span class=\"post_infos\">\r\n                                                                    <span class=\"date_hour_holder\">\r\n                                        <span itemprop=\"dateCreated\" class=\"date entry_date updated\">20 juliol, 2022 <meta itemprop=\"interactionCount\" content=\"UserComments: 0\"\/><\/span>\r\n                                    <\/span>\r\n                                                                                                \r\n                                \r\n                                                            <\/span>\r\n                        <\/div>\r\n                    <\/div>\r\n                <\/div>\r\n            <\/div>\r\n        <\/li>\r\n    \r\n        <li class=\"clearfix\">\r\n            <div class=\"boxes_image\">\r\n                <a itemprop=\"url\" href=\"https:\/\/www.carlit.cat\/mescapo-al-ii-torneig-gastronomic-sabors-de-la-cerdanya\/\"><img loading=\"lazy\" decoding=\"async\" width=\"539\" height=\"303\" src=\"https:\/\/www.carlit.cat\/wp-content\/uploads\/2019\/05\/carlit-539x303.jpg\" class=\"attachment-latest_post_boxes size-latest_post_boxes wp-post-image\" alt=\"\" \/><\/a>\r\n            <\/div>\r\n            <div class=\"latest_post\"  >\r\n                <div class=\"latest_post_text\">\r\n                    <div class=\"latest_post_inner\">\r\n                        <div class=\"latest_post_text_inner\">\r\n                            <h5 itemprop=\"name\" class=\"latest_post_title entry_title\"><a itemprop=\"url\" href=\"https:\/\/www.carlit.cat\/mescapo-al-ii-torneig-gastronomic-sabors-de-la-cerdanya\/\">M\u2019escapo al II Torneig Gastron\u00f2mic Sabors de La Cerdanya<\/a><\/h5>\r\n                            <p itemprop=\"description\" class=\"excerpt\">Ja sabeu que m\u2019encanta sortir de casa. Aquest cap de setmana he decidit fer una escapada al II Torneig Gastron\u00f2mic Sabors de La Cerdanya a Fontanals de Cerdanya. Golf, gastronomia i un entorn incre\u00efble i&#8230; trinxat, \u00e9s clar! Aix\u00ed que faig una crida a totes......<\/p>\r\n                            <span class=\"post_infos\">\r\n                                                                    <span class=\"date_hour_holder\">\r\n                                        <span itemprop=\"dateCreated\" class=\"date entry_date updated\">23 maig, 2019 <meta itemprop=\"interactionCount\" content=\"UserComments: 0\"\/><\/span>\r\n                                    <\/span>\r\n                                                                                                \r\n                                \r\n                                                            <\/span>\r\n                        <\/div>\r\n                    <\/div>\r\n                <\/div>\r\n            <\/div>\r\n        <\/li>\r\n    \r\n        <li class=\"clearfix\">\r\n            <div class=\"boxes_image\">\r\n                <a itemprop=\"url\" href=\"https:\/\/www.carlit.cat\/trinxat-on-the-road-cada-cap-de-setmana-al-bar-schuss\/\"><img loading=\"lazy\" decoding=\"async\" width=\"539\" height=\"303\" src=\"https:\/\/www.carlit.cat\/wp-content\/uploads\/2019\/01\/Schuss_trinxeta1-539x303.jpg\" class=\"attachment-latest_post_boxes size-latest_post_boxes wp-post-image\" alt=\"\" \/><\/a>\r\n            <\/div>\r\n            <div class=\"latest_post\"  >\r\n                <div class=\"latest_post_text\">\r\n                    <div class=\"latest_post_inner\">\r\n                        <div class=\"latest_post_text_inner\">\r\n                            <h5 itemprop=\"name\" class=\"latest_post_title entry_title\"><a itemprop=\"url\" href=\"https:\/\/www.carlit.cat\/trinxat-on-the-road-cada-cap-de-setmana-al-bar-schuss\/\">Trinxat on the road cada cap de setmana al Bar Schuss!<\/a><\/h5>\r\n                            <p itemprop=\"description\" class=\"excerpt\">No me&#8217;n perdo ni una! Aquest diumenge vaig engegar temporada d&#8217;esqu\u00ed i ho vaig fer al costat dels amics del Schuss Food Bar, a peu de pistes de La Molina. A partir d&#8217;ara hi serem cada dissabte i diumenge, incloent-hi el Pont de la Pur\u00edssima......<\/p>\r\n                            <span class=\"post_infos\">\r\n                                                                    <span class=\"date_hour_holder\">\r\n                                        <span itemprop=\"dateCreated\" class=\"date entry_date updated\">04 desembre, 2018 <meta itemprop=\"interactionCount\" content=\"UserComments: 0\"\/><\/span>\r\n                                    <\/span>\r\n                                                                                                \r\n                                \r\n                                                            <\/span>\r\n                        <\/div>\r\n                    <\/div>\r\n                <\/div>\r\n            <\/div>\r\n        <\/li>\r\n        <\/ul>\r\n<\/div>[\/vc_column][\/vc_row]<\/p>\n<\/div>","protected":false},"excerpt":{"rendered":"<p>[vc_row css_animation=&#8221;&#8221; row_type=&#8221;row&#8221; use_row_as_full_screen_section=&#8221;no&#8221; type=&#8221;full_width&#8221; angled_section=&#8221;no&#8221; text_align=&#8221;left&#8221; background_image_as_pattern=&#8221;without_pattern&#8221;][vc_column width=&#8221;1\/2&#8243;][vc_column_text css=&#8221;.vc_custom_1490864596711{margin-bottom: 10px !important;}&#8221;]Me mor\u00eda de ganas y por fin ya la tenemos aqu\u00ed: \u00a1la food truck de la Trinxeta ya es una realidad! Carlit la ha presentado este mi\u00e9rcoles y a partir de ahora ya la&#8230;<\/p>\n","protected":false},"author":6,"featured_media":694,"comment_status":"closed","ping_status":"closed","sticky":false,"template":"","format":"standard","meta":{"footnotes":""},"categories":[20],"tags":[],"class_list":["post-697","post","type-post","status-publish","format-standard","has-post-thumbnail","hentry","category-trinxeta"],"_links":{"self":[{"href":"https:\/\/www.carlit.cat\/es\/wp-json\/wp\/v2\/posts\/697\/"}],"collection":[{"href":"https:\/\/www.carlit.cat\/es\/wp-json\/wp\/v2\/posts\/"}],"about":[{"href":"https:\/\/www.carlit.cat\/es\/wp-json\/wp\/v2\/types\/post\/"}],"author":[{"embeddable":true,"href":"https:\/\/www.carlit.cat\/es\/wp-json\/wp\/v2\/users\/6\/"}],"replies":[{"embeddable":true,"href":"https:\/\/www.carlit.cat\/es\/wp-json\/wp\/v2\/comments\/?post=697"}],"version-history":[{"count":2,"href":"https:\/\/www.carlit.cat\/es\/wp-json\/wp\/v2\/posts\/697\/revisions\/"}],"predecessor-version":[{"id":699,"href":"https:\/\/www.carlit.cat\/es\/wp-json\/wp\/v2\/posts\/697\/revisions\/699\/"}],"wp:featuredmedia":[{"embeddable":true,"href":"https:\/\/www.carlit.cat\/es\/wp-json\/wp\/v2\/media\/694\/"}],"wp:attachment":[{"href":"https:\/\/www.carlit.cat\/es\/wp-json\/wp\/v2\/media\/?parent=697"}],"wp:term":[{"taxonomy":"category","embeddable":true,"href":"https:\/\/www.carlit.cat\/es\/wp-json\/wp\/v2\/categories\/?post=697"},{"taxonomy":"post_tag","embeddable":true,"href":"https:\/\/www.carlit.cat\/es\/wp-json\/wp\/v2\/tags\/?post=697"}],"curies":[{"name":"wp","href":"https:\/\/api.w.org\/{rel}","templated":true}]}}