{"id":674,"date":"2017-04-11T18:26:22","date_gmt":"2017-04-11T18:26:22","guid":{"rendered":"https:\/\/www.carlit.cat\/ja-heu-vist-el-video-de-la-presentacio-de-la-food-truck\/"},"modified":"2020-03-23T15:19:20","modified_gmt":"2020-03-23T15:19:20","slug":"ja-heu-vist-el-video-de-la-presentacio-de-la-food-truck","status":"publish","type":"post","link":"https:\/\/www.carlit.cat\/es\/ja-heu-vist-el-video-de-la-presentacio-de-la-food-truck\/","title":{"rendered":"\u00bfYa hab\u00e9is visto el v\u00eddeo de la presentaci\u00f3n de la food truck?"},"content":{"rendered":"<p>Si no lo hab\u00e9is visto a\u00fan, os animo a hacerlo para entender las cosquillas que sent\u00ed durante todo el d\u00eda al ver que La Trinxeta, la food truck del trinxat, comenzaba a rodar. Una jornada magn\u00edfica y divertida con un buen pu\u00f1ado de amigos e instagramers.<br \/>\n<blockquote class=' with_quote_icon' style='background-color: #fad5b0;'><i class='fa fa-quote-right' style='color: #713116;'><\/i><h5 class='blockquote-text' style='color: #713116;'>\u00bfLa pr\u00f3xima parada? Del 13 al 15 de abril en el 3r Outlet Cerdanya, en Bellver de Cerdanya<\/h5><\/blockquote><br \/>\nAprovecho para dar las gracias a todos los que han participado para hacer que mi food truck est\u00e9 en marcha y que la presentaci\u00f3n, como el trinxat, fuese sobre ruedas!<br \/>\n[vc_video link=&#8221;https:\/\/youtu.be\/ZlxS2IPPBfQ&#8221;]<\/p>\n","protected":false},"excerpt":{"rendered":"<p>Si no lo hab\u00e9is visto a\u00fan, os animo a hacerlo para entender las cosquillas que sent\u00ed durante todo el d\u00eda al ver que La Trinxeta, la food truck del trinxat, comenzaba a rodar. Una jornada magn\u00edfica y divertida con un buen pu\u00f1ado de amigos e&#8230;<\/p>\n","protected":false},"author":6,"featured_media":1358,"comment_status":"closed","ping_status":"closed","sticky":false,"template":"","format":"standard","meta":{"footnotes":""},"categories":[20],"tags":[],"class_list":["post-674","post","type-post","status-publish","format-standard","has-post-thumbnail","hentry","category-trinxeta"],"_links":{"self":[{"href":"https:\/\/www.carlit.cat\/es\/wp-json\/wp\/v2\/posts\/674\/"}],"collection":[{"href":"https:\/\/www.carlit.cat\/es\/wp-json\/wp\/v2\/posts\/"}],"about":[{"href":"https:\/\/www.carlit.cat\/es\/wp-json\/wp\/v2\/types\/post\/"}],"author":[{"embeddable":true,"href":"https:\/\/www.carlit.cat\/es\/wp-json\/wp\/v2\/users\/6\/"}],"replies":[{"embeddable":true,"href":"https:\/\/www.carlit.cat\/es\/wp-json\/wp\/v2\/comments\/?post=674"}],"version-history":[{"count":4,"href":"https:\/\/www.carlit.cat\/es\/wp-json\/wp\/v2\/posts\/674\/revisions\/"}],"predecessor-version":[{"id":1218,"href":"https:\/\/www.carlit.cat\/es\/wp-json\/wp\/v2\/posts\/674\/revisions\/1218\/"}],"wp:featuredmedia":[{"embeddable":true,"href":"https:\/\/www.carlit.cat\/es\/wp-json\/wp\/v2\/media\/1358\/"}],"wp:attachment":[{"href":"https:\/\/www.carlit.cat\/es\/wp-json\/wp\/v2\/media\/?parent=674"}],"wp:term":[{"taxonomy":"category","embeddable":true,"href":"https:\/\/www.carlit.cat\/es\/wp-json\/wp\/v2\/categories\/?post=674"},{"taxonomy":"post_tag","embeddable":true,"href":"https:\/\/www.carlit.cat\/es\/wp-json\/wp\/v2\/tags\/?post=674"}],"curies":[{"name":"wp","href":"https:\/\/api.w.org\/{rel}","templated":true}]}}