{"id":668,"date":"2017-04-20T18:22:57","date_gmt":"2017-04-20T18:22:57","guid":{"rendered":"https:\/\/www.carlit.cat\/seguim-el-cavall-breto-fins-a-loutlet-cerdanya\/"},"modified":"2020-03-23T15:19:20","modified_gmt":"2020-03-23T15:19:20","slug":"seguimos-caballo-breton-outlet-cerdanya","status":"publish","type":"post","link":"https:\/\/www.carlit.cat\/es\/seguimos-caballo-breton-outlet-cerdanya\/","title":{"rendered":"Seguimos el caballo bret\u00f3n hasta el Outlet Cerdanya"},"content":{"rendered":"<p>\u00a1Primera salida oficial de la Trinxeta! El fin de semana pasado, en plena Semana Santa, subimos al volante de la food truck y la llevamos hasta el 3er Outlet Cerdanya, un festival de moda y precios que se celebra en Bellver de Cerdanya.<br \/>\n<blockquote class=' with_quote_icon' style='background-color: #fad5b0;'><i class='fa fa-quote-right' style='color: #713116;'><\/i><h5 class='blockquote-text' style='color: #713116;'>Trinxat, Trinxeta y Cerdanya, \u00bfse puede pedir algo m\u00e1s para ser feliz?<\/h5><\/blockquote><br \/>\nPas\u00e9 un buen rato en un espacio lleno de m\u00fasica, animaci\u00f3n infantil y food trucks con las que comer algo antes o despu\u00e9s de visitar los stands. Adem\u00e1s, el s\u00e1bado me pude escapar un rato, apenas unos metros m\u00e1s all\u00e1, para ver la salida de la 1\u00aa carrera ceretana, una prueba de 10 km con muchos participantes. \u00a1Me falt\u00f3 bien poco para apuntarme!<br \/>\n<img loading=\"lazy\" decoding=\"async\" src=\"https:\/\/www.carlit.cat\/wp-content\/uploads\/2019\/01\/trinxeta_outlet_cerdanya-300x225.jpg\" alt=\"\" width=\"300\" height=\"225\" class=\"aligncenter size-medium wp-image-663\" srcset=\"https:\/\/www.carlit.cat\/wp-content\/uploads\/2019\/01\/trinxeta_outlet_cerdanya-300x225.jpg 300w, https:\/\/www.carlit.cat\/wp-content\/uploads\/2019\/01\/trinxeta_outlet_cerdanya-768x576.jpg 768w, https:\/\/www.carlit.cat\/wp-content\/uploads\/2019\/01\/trinxeta_outlet_cerdanya-800x600.jpg 800w, https:\/\/www.carlit.cat\/wp-content\/uploads\/2019\/01\/trinxeta_outlet_cerdanya-700x525.jpg 700w, https:\/\/www.carlit.cat\/wp-content\/uploads\/2019\/01\/trinxeta_outlet_cerdanya.jpg 960w\" sizes=\"auto, (max-width: 300px) 100vw, 300px\" \/><\/p>\n","protected":false},"excerpt":{"rendered":"<p>\u00a1Primera salida oficial de la Trinxeta! El fin de semana pasado, en plena Semana Santa, subimos al volante de la food truck y la llevamos hasta el 3er Outlet Cerdanya, un festival de moda y precios que se celebra en Bellver de Cerdanya. Pas\u00e9 un&#8230;<\/p>\n","protected":false},"author":6,"featured_media":1350,"comment_status":"closed","ping_status":"closed","sticky":false,"template":"","format":"standard","meta":{"footnotes":""},"categories":[20],"tags":[],"class_list":["post-668","post","type-post","status-publish","format-standard","has-post-thumbnail","hentry","category-trinxeta"],"_links":{"self":[{"href":"https:\/\/www.carlit.cat\/es\/wp-json\/wp\/v2\/posts\/668\/"}],"collection":[{"href":"https:\/\/www.carlit.cat\/es\/wp-json\/wp\/v2\/posts\/"}],"about":[{"href":"https:\/\/www.carlit.cat\/es\/wp-json\/wp\/v2\/types\/post\/"}],"author":[{"embeddable":true,"href":"https:\/\/www.carlit.cat\/es\/wp-json\/wp\/v2\/users\/6\/"}],"replies":[{"embeddable":true,"href":"https:\/\/www.carlit.cat\/es\/wp-json\/wp\/v2\/comments\/?post=668"}],"version-history":[{"count":4,"href":"https:\/\/www.carlit.cat\/es\/wp-json\/wp\/v2\/posts\/668\/revisions\/"}],"predecessor-version":[{"id":1212,"href":"https:\/\/www.carlit.cat\/es\/wp-json\/wp\/v2\/posts\/668\/revisions\/1212\/"}],"wp:featuredmedia":[{"embeddable":true,"href":"https:\/\/www.carlit.cat\/es\/wp-json\/wp\/v2\/media\/1350\/"}],"wp:attachment":[{"href":"https:\/\/www.carlit.cat\/es\/wp-json\/wp\/v2\/media\/?parent=668"}],"wp:term":[{"taxonomy":"category","embeddable":true,"href":"https:\/\/www.carlit.cat\/es\/wp-json\/wp\/v2\/categories\/?post=668"},{"taxonomy":"post_tag","embeddable":true,"href":"https:\/\/www.carlit.cat\/es\/wp-json\/wp\/v2\/tags\/?post=668"}],"curies":[{"name":"wp","href":"https:\/\/api.w.org\/{rel}","templated":true}]}}