{"id":648,"date":"2017-10-05T18:14:25","date_gmt":"2017-10-05T18:14:25","guid":{"rendered":"https:\/\/www.carlit.cat\/sacaba-lestiu-i-torna-la-trinxeta\/"},"modified":"2020-03-23T15:19:19","modified_gmt":"2020-03-23T15:19:19","slug":"se-acaba-verano-vuelve-trinxeta","status":"publish","type":"post","link":"https:\/\/www.carlit.cat\/es\/se-acaba-verano-vuelve-trinxeta\/","title":{"rendered":"\u00a1Se acaba el verano y vuelve la Trinxeta!"},"content":{"rendered":"<p>Ya se me han acabado las vacaciones y vuelvo con las pilas bien cargadas para llevar la Trinxeta y el trinxat &#8216;around the world&#8217;. La foodtruck del trinxat vuelve y con m\u00e1s ganas que nunca, porque con la llegada del fr\u00edo apetece mucho un platito caliente con la mezcla m\u00e1s universal de la Cerdanya: patata, col y panceta.<br \/>\n<blockquote class=' with_quote_icon' style='background-color: #fad5b0;'><i class='fa fa-quote-right' style='color: #713116;'><\/i><h5 class='blockquote-text' style='color: #713116;'>El 7 de octubre estaremos en la V Fira del treball de Puigcerd\u00e0, y el 16 a la III Nit del Gourrmet catal\u00e0 en Barcelona<\/h5><\/blockquote><br \/>\nLa Trinxetaya tiene varios bolos confirmados, algunos bastante cercanos. De momento, podr\u00e9is venir a disfrutar de nuestra foodtruck pronto en Puigcerd\u00e0 y Barcelona. Este s\u00e1bado 7 de octubre, estaremos en la V Fira de Treball de Puigcerd\u00e0, y el lunes 16 de octubre visitaremos Barcelona paa participar en la III Nit del Gourmet Catal\u00e0, una de las actividades estrella del Cl\u00faster Gourmet de Catalunya.<br \/>\n<img loading=\"lazy\" decoding=\"async\" src=\"https:\/\/www.carlit.cat\/wp-content\/uploads\/2019\/01\/trinxat-cerdanya-300x300.jpg\" alt=\"\" width=\"300\" height=\"300\" class=\"aligncenter size-medium wp-image-642\" srcset=\"https:\/\/www.carlit.cat\/wp-content\/uploads\/2019\/01\/trinxat-cerdanya-300x300.jpg 300w, https:\/\/www.carlit.cat\/wp-content\/uploads\/2019\/01\/trinxat-cerdanya-150x150.jpg 150w, https:\/\/www.carlit.cat\/wp-content\/uploads\/2019\/01\/trinxat-cerdanya-768x768.jpg 768w, https:\/\/www.carlit.cat\/wp-content\/uploads\/2019\/01\/trinxat-cerdanya-1024x1024.jpg 1024w, https:\/\/www.carlit.cat\/wp-content\/uploads\/2019\/01\/trinxat-cerdanya-570x570.jpg 570w, https:\/\/www.carlit.cat\/wp-content\/uploads\/2019\/01\/trinxat-cerdanya-500x500.jpg 500w, https:\/\/www.carlit.cat\/wp-content\/uploads\/2019\/01\/trinxat-cerdanya-1000x1000.jpg 1000w, https:\/\/www.carlit.cat\/wp-content\/uploads\/2019\/01\/trinxat-cerdanya-700x700.jpg 700w, https:\/\/www.carlit.cat\/wp-content\/uploads\/2019\/01\/trinxat-cerdanya.jpg 1080w\" sizes=\"auto, (max-width: 300px) 100vw, 300px\" \/><\/p>\n","protected":false},"excerpt":{"rendered":"<p>Ya se me han acabado las vacaciones y vuelvo con las pilas bien cargadas para llevar la Trinxeta y el trinxat &#8216;around the world&#8217;. La foodtruck del trinxat vuelve y con m\u00e1s ganas que nunca, porque con la llegada del fr\u00edo apetece mucho un platito&#8230;<\/p>\n","protected":false},"author":6,"featured_media":1342,"comment_status":"closed","ping_status":"closed","sticky":false,"template":"","format":"standard","meta":{"footnotes":""},"categories":[20],"tags":[],"class_list":["post-648","post","type-post","status-publish","format-standard","has-post-thumbnail","hentry","category-trinxeta"],"_links":{"self":[{"href":"https:\/\/www.carlit.cat\/es\/wp-json\/wp\/v2\/posts\/648\/"}],"collection":[{"href":"https:\/\/www.carlit.cat\/es\/wp-json\/wp\/v2\/posts\/"}],"about":[{"href":"https:\/\/www.carlit.cat\/es\/wp-json\/wp\/v2\/types\/post\/"}],"author":[{"embeddable":true,"href":"https:\/\/www.carlit.cat\/es\/wp-json\/wp\/v2\/users\/6\/"}],"replies":[{"embeddable":true,"href":"https:\/\/www.carlit.cat\/es\/wp-json\/wp\/v2\/comments\/?post=648"}],"version-history":[{"count":4,"href":"https:\/\/www.carlit.cat\/es\/wp-json\/wp\/v2\/posts\/648\/revisions\/"}],"predecessor-version":[{"id":1208,"href":"https:\/\/www.carlit.cat\/es\/wp-json\/wp\/v2\/posts\/648\/revisions\/1208\/"}],"wp:featuredmedia":[{"embeddable":true,"href":"https:\/\/www.carlit.cat\/es\/wp-json\/wp\/v2\/media\/1342\/"}],"wp:attachment":[{"href":"https:\/\/www.carlit.cat\/es\/wp-json\/wp\/v2\/media\/?parent=648"}],"wp:term":[{"taxonomy":"category","embeddable":true,"href":"https:\/\/www.carlit.cat\/es\/wp-json\/wp\/v2\/categories\/?post=648"},{"taxonomy":"post_tag","embeddable":true,"href":"https:\/\/www.carlit.cat\/es\/wp-json\/wp\/v2\/tags\/?post=648"}],"curies":[{"name":"wp","href":"https:\/\/api.w.org\/{rel}","templated":true}]}}