{"id":3345,"date":"2023-03-13T09:21:13","date_gmt":"2023-03-13T09:21:13","guid":{"rendered":"https:\/\/www.carlit.cat\/?p=3345"},"modified":"2023-03-13T09:21:13","modified_gmt":"2023-03-13T09:21:13","slug":"50-anos-carrefour","status":"publish","type":"post","link":"https:\/\/www.carlit.cat\/es\/50-anos-carrefour\/","title":{"rendered":"Presentes en la fiesta de los 50 a\u00f1os de Carrefour en El Prat de Llobregat"},"content":{"rendered":"<p>Carlit estuvimos presentes el pasado jueves 9 de marzo en la fiesta de celebraci\u00f3n del 50 aniversario de <a href=\"https:\/\/www.carrefour.es\">Carrefour<\/a> en El Prat de Llobregat.<\/p>\n<p>Hemos formado parte de la feria de proveedores que durante 15 d\u00edas lleva degustaciones y actividades en este establecimiento.<\/p>\n<p>El acto de celebraci\u00f3n cont\u00f3 con la presencia del alcalde de El Prat de Llobregat, Llu\u00eds Mijoler, que se interes\u00f3, tambi\u00e9n, por nuestra actividad.<\/p>\n<p>Paralelamente, estos d\u00edas tambi\u00e9n estamos realizando degustaciones en el Carrefour de Barcelona.<\/p>\n<p>Y es que esta es nuestra voluntad, siempre: \u00a1Acercar el Trinxat de la Cerdanya a vuestra casa!<\/p>\n<div id=\"attachment_3328\" style=\"width: 504px\" class=\"wp-caption alignleft\"><img loading=\"lazy\" decoding=\"async\" aria-describedby=\"caption-attachment-3328\" class=\"wp-image-3328 \" src=\"https:\/\/www.carlit.cat\/wp-content\/uploads\/2023\/03\/WhatsApp-Image-2023-03-10-at-14.21.27.jpeg\" alt=\"\" width=\"494\" height=\"371\" srcset=\"https:\/\/www.carlit.cat\/wp-content\/uploads\/2023\/03\/WhatsApp-Image-2023-03-10-at-14.21.27.jpeg 1600w, https:\/\/www.carlit.cat\/wp-content\/uploads\/2023\/03\/WhatsApp-Image-2023-03-10-at-14.21.27-300x225.jpeg 300w, https:\/\/www.carlit.cat\/wp-content\/uploads\/2023\/03\/WhatsApp-Image-2023-03-10-at-14.21.27-768x576.jpeg 768w, https:\/\/www.carlit.cat\/wp-content\/uploads\/2023\/03\/WhatsApp-Image-2023-03-10-at-14.21.27-1024x768.jpeg 1024w, https:\/\/www.carlit.cat\/wp-content\/uploads\/2023\/03\/WhatsApp-Image-2023-03-10-at-14.21.27-800x600.jpeg 800w, https:\/\/www.carlit.cat\/wp-content\/uploads\/2023\/03\/WhatsApp-Image-2023-03-10-at-14.21.27-700x525.jpeg 700w\" sizes=\"auto, (max-width: 494px) 100vw, 494px\" \/><p id=\"caption-attachment-3328\" class=\"wp-caption-text\">Xavier Espu\u00f1a, gerente de Carlit, y Llu\u00eds Mijoler, alcalde de El Prat de Llobregat, en la fiesta de los 50 a\u00f1os de Carrefour en El Prat.<\/p><\/div>\n<div id=\"attachment_3332\" style=\"width: 287px\" class=\"wp-caption alignleft\"><img loading=\"lazy\" decoding=\"async\" aria-describedby=\"caption-attachment-3332\" class=\"wp-image-3332 \" src=\"https:\/\/www.carlit.cat\/wp-content\/uploads\/2023\/03\/WhatsApp-Image-2023-03-10-at-14.32.26.jpeg\" alt=\"\" width=\"277\" height=\"370\" srcset=\"https:\/\/www.carlit.cat\/wp-content\/uploads\/2023\/03\/WhatsApp-Image-2023-03-10-at-14.32.26.jpeg 768w, https:\/\/www.carlit.cat\/wp-content\/uploads\/2023\/03\/WhatsApp-Image-2023-03-10-at-14.32.26-225x300.jpeg 225w, https:\/\/www.carlit.cat\/wp-content\/uploads\/2023\/03\/WhatsApp-Image-2023-03-10-at-14.32.26-600x800.jpeg 600w, https:\/\/www.carlit.cat\/wp-content\/uploads\/2023\/03\/WhatsApp-Image-2023-03-10-at-14.32.26-700x933.jpeg 700w\" sizes=\"auto, (max-width: 277px) 100vw, 277px\" \/><p id=\"caption-attachment-3332\" class=\"wp-caption-text\">Punto de degustaci\u00f3n de productos Carlit en Carrefour del Prat.<\/p><\/div>\n<p><iframe loading=\"lazy\" title=\"YouTube video player\" src=\"https:\/\/www.youtube.com\/embed\/-c-fmlciGMo\" width=\"560\" height=\"315\" frameborder=\"0\" allowfullscreen=\"allowfullscreen\"><\/iframe><\/p>\n","protected":false},"excerpt":{"rendered":"<p>Carlit estuvimos presentes el pasado jueves 9 de marzo en la fiesta de celebraci\u00f3n del 50 aniversario de Carrefour en El Prat de Llobregat. Hemos formado parte de la feria de proveedores que durante 15 d\u00edas lleva degustaciones y actividades en este establecimiento. El acto&#8230;<\/p>\n","protected":false},"author":7,"featured_media":3331,"comment_status":"closed","ping_status":"closed","sticky":false,"template":"","format":"standard","meta":{"footnotes":""},"categories":[21],"tags":[],"class_list":["post-3345","post","type-post","status-publish","format-standard","has-post-thumbnail","hentry","category-news"],"_links":{"self":[{"href":"https:\/\/www.carlit.cat\/es\/wp-json\/wp\/v2\/posts\/3345\/"}],"collection":[{"href":"https:\/\/www.carlit.cat\/es\/wp-json\/wp\/v2\/posts\/"}],"about":[{"href":"https:\/\/www.carlit.cat\/es\/wp-json\/wp\/v2\/types\/post\/"}],"author":[{"embeddable":true,"href":"https:\/\/www.carlit.cat\/es\/wp-json\/wp\/v2\/users\/7\/"}],"replies":[{"embeddable":true,"href":"https:\/\/www.carlit.cat\/es\/wp-json\/wp\/v2\/comments\/?post=3345"}],"version-history":[{"count":1,"href":"https:\/\/www.carlit.cat\/es\/wp-json\/wp\/v2\/posts\/3345\/revisions\/"}],"predecessor-version":[{"id":3350,"href":"https:\/\/www.carlit.cat\/es\/wp-json\/wp\/v2\/posts\/3345\/revisions\/3350\/"}],"wp:featuredmedia":[{"embeddable":true,"href":"https:\/\/www.carlit.cat\/es\/wp-json\/wp\/v2\/media\/3331\/"}],"wp:attachment":[{"href":"https:\/\/www.carlit.cat\/es\/wp-json\/wp\/v2\/media\/?parent=3345"}],"wp:term":[{"taxonomy":"category","embeddable":true,"href":"https:\/\/www.carlit.cat\/es\/wp-json\/wp\/v2\/categories\/?post=3345"},{"taxonomy":"post_tag","embeddable":true,"href":"https:\/\/www.carlit.cat\/es\/wp-json\/wp\/v2\/tags\/?post=3345"}],"curies":[{"name":"wp","href":"https:\/\/api.w.org\/{rel}","templated":true}]}}