{"id":3317,"date":"2023-03-01T10:50:18","date_gmt":"2023-03-01T10:50:18","guid":{"rendered":"https:\/\/www.carlit.cat\/?p=3317"},"modified":"2023-03-01T10:55:29","modified_gmt":"2023-03-01T10:55:29","slug":"fp-cocina-gastronomia","status":"publish","type":"post","link":"https:\/\/www.carlit.cat\/es\/fp-cocina-gastronomia\/","title":{"rendered":"Apoyando a los estudiantes de FP de cocina y gastronom\u00eda"},"content":{"rendered":"<p>Este mes Dylan, que ha estudiado un ciclo de formaci\u00f3n profesional de cocina y gastronom\u00eda, ha terminado sus pr\u00e1cticas curriculares en Carlit.<\/p>\n<p>Las pr\u00e1cticas eran necesarias para que Dylan pudiera obtener su titulaci\u00f3n. Aunque no eran remuneradas, en Carlit nos ha parecido absolutamente necesario retribuirle su buen trabajo y entrega a nuestro proyecto. \u00a1As\u00ed que le entregamos un cheque de 1000 euros y, sobre todo, le agradecimos que durante estas semanas haya sido uno m\u00e1s de nuestro equipo!<\/p>\n<p>A los <a href=\"https:\/\/www.carlit.cat\/es\/compromisos-carlit\/\">#CompromisosCarlit<\/a> cuando decimos que &#8220;Hacemos comunidad&#8221;, le entendemos as\u00ed: \u00a1apoyando a las personas de nuestro territorio para que puedan avanzar en su crecimiento personal y profesional!<\/p>\n<p><img loading=\"lazy\" decoding=\"async\" class=\"alignnone wp-image-3312 \" src=\"https:\/\/www.carlit.cat\/wp-content\/uploads\/2023\/03\/Estudiant-pr\u00e0ctiques-Carlit.jpeg\" alt=\"\" width=\"851\" height=\"638\" \/><\/p>\n","protected":false},"excerpt":{"rendered":"<p>Este mes Dylan, que ha estudiado un ciclo de formaci\u00f3n profesional de cocina y gastronom\u00eda, ha terminado sus pr\u00e1cticas curriculares en Carlit. Las pr\u00e1cticas eran necesarias para que Dylan pudiera obtener su titulaci\u00f3n. Aunque no eran remuneradas, en Carlit nos ha parecido absolutamente necesario retribuirle&#8230;<\/p>\n","protected":false},"author":7,"featured_media":3315,"comment_status":"closed","ping_status":"closed","sticky":false,"template":"","format":"standard","meta":{"footnotes":""},"categories":[58,21],"tags":[],"class_list":["post-3317","post","type-post","status-publish","format-standard","has-post-thumbnail","hentry","category-empresa-news","category-news"],"_links":{"self":[{"href":"https:\/\/www.carlit.cat\/es\/wp-json\/wp\/v2\/posts\/3317\/"}],"collection":[{"href":"https:\/\/www.carlit.cat\/es\/wp-json\/wp\/v2\/posts\/"}],"about":[{"href":"https:\/\/www.carlit.cat\/es\/wp-json\/wp\/v2\/types\/post\/"}],"author":[{"embeddable":true,"href":"https:\/\/www.carlit.cat\/es\/wp-json\/wp\/v2\/users\/7\/"}],"replies":[{"embeddable":true,"href":"https:\/\/www.carlit.cat\/es\/wp-json\/wp\/v2\/comments\/?post=3317"}],"version-history":[{"count":3,"href":"https:\/\/www.carlit.cat\/es\/wp-json\/wp\/v2\/posts\/3317\/revisions\/"}],"predecessor-version":[{"id":3325,"href":"https:\/\/www.carlit.cat\/es\/wp-json\/wp\/v2\/posts\/3317\/revisions\/3325\/"}],"wp:featuredmedia":[{"embeddable":true,"href":"https:\/\/www.carlit.cat\/es\/wp-json\/wp\/v2\/media\/3315\/"}],"wp:attachment":[{"href":"https:\/\/www.carlit.cat\/es\/wp-json\/wp\/v2\/media\/?parent=3317"}],"wp:term":[{"taxonomy":"category","embeddable":true,"href":"https:\/\/www.carlit.cat\/es\/wp-json\/wp\/v2\/categories\/?post=3317"},{"taxonomy":"post_tag","embeddable":true,"href":"https:\/\/www.carlit.cat\/es\/wp-json\/wp\/v2\/tags\/?post=3317"}],"curies":[{"name":"wp","href":"https:\/\/api.w.org\/{rel}","templated":true}]}}