{"id":3241,"date":"2022-11-07T10:40:17","date_gmt":"2022-11-07T10:40:17","guid":{"rendered":"https:\/\/www.carlit.cat\/?p=3241"},"modified":"2022-11-07T10:40:17","modified_gmt":"2022-11-07T10:40:17","slug":"30-minutos-tv3","status":"publish","type":"post","link":"https:\/\/www.carlit.cat\/es\/30-minutos-tv3\/","title":{"rendered":"Carlit, en el reportaje \u201cPirineu, un debat pendent\u201d en el 30 minuts de TV3"},"content":{"rendered":"<p>El gerente de Carlit, Xavier Espu\u00f1a, ha sido entrevistado en el programa 30 minutos de TV3 en torno a las perspectivas de futuro de la Cerdanya, Vall d&#8217;Aran y el Pallars Sobir\u00e0.<\/p>\n<p>El programa pone el foco en las posibilidades de desarrollo de estos territorios m\u00e1s all\u00e1 del turismo.<\/p>\n<p>En el minuto 11&#8217;43\u201d se pueden ver las declaraciones de Xavier Espu\u00f1a, donde afirma que en la Cerdanya hay que poder vivir y trabajar, m\u00e1s all\u00e1 de la actividad tur\u00edstica. En este sentido, reafirma el prop\u00f3sito de Carlit que hace m\u00e1s de 25 a\u00f1os que escogi\u00f3 la Cerdanya para sacar adelante este proyecto empresarial.<\/p>\n<p>No es la primera vez que Carlit se pone como ejemplo que es posible sacar adelante un proyecto empresarial en la Cerdanya sostenible econ\u00f3mica, social y ambientalmente.<\/p>\n<p>Os dejamos el clip con las im\u00e1genes de nuestro proyecto y nuestro posicionamiento.<\/p>\n<p><iframe loading=\"lazy\" title=\"YouTube video player\" src=\"https:\/\/www.youtube.com\/embed\/olrVjTwNPTg\" width=\"560\" height=\"315\" frameborder=\"0\" allowfullscreen=\"allowfullscreen\"><\/iframe><\/p>\n","protected":false},"excerpt":{"rendered":"<p>El gerente de Carlit, Xavier Espu\u00f1a, ha sido entrevistado en el programa 30 minutos de TV3 en torno a las perspectivas de futuro de la Cerdanya, Vall d&#8217;Aran y el Pallars Sobir\u00e0. El programa pone el foco en las posibilidades de desarrollo de estos territorios&#8230;<\/p>\n","protected":false},"author":7,"featured_media":3238,"comment_status":"closed","ping_status":"closed","sticky":false,"template":"","format":"standard","meta":{"footnotes":""},"categories":[58,56,21],"tags":[],"class_list":["post-3241","post","type-post","status-publish","format-standard","has-post-thumbnail","hentry","category-empresa-news","category-medios-de-comunicacion","category-news"],"_links":{"self":[{"href":"https:\/\/www.carlit.cat\/es\/wp-json\/wp\/v2\/posts\/3241\/"}],"collection":[{"href":"https:\/\/www.carlit.cat\/es\/wp-json\/wp\/v2\/posts\/"}],"about":[{"href":"https:\/\/www.carlit.cat\/es\/wp-json\/wp\/v2\/types\/post\/"}],"author":[{"embeddable":true,"href":"https:\/\/www.carlit.cat\/es\/wp-json\/wp\/v2\/users\/7\/"}],"replies":[{"embeddable":true,"href":"https:\/\/www.carlit.cat\/es\/wp-json\/wp\/v2\/comments\/?post=3241"}],"version-history":[{"count":1,"href":"https:\/\/www.carlit.cat\/es\/wp-json\/wp\/v2\/posts\/3241\/revisions\/"}],"predecessor-version":[{"id":3242,"href":"https:\/\/www.carlit.cat\/es\/wp-json\/wp\/v2\/posts\/3241\/revisions\/3242\/"}],"wp:featuredmedia":[{"embeddable":true,"href":"https:\/\/www.carlit.cat\/es\/wp-json\/wp\/v2\/media\/3238\/"}],"wp:attachment":[{"href":"https:\/\/www.carlit.cat\/es\/wp-json\/wp\/v2\/media\/?parent=3241"}],"wp:term":[{"taxonomy":"category","embeddable":true,"href":"https:\/\/www.carlit.cat\/es\/wp-json\/wp\/v2\/categories\/?post=3241"},{"taxonomy":"post_tag","embeddable":true,"href":"https:\/\/www.carlit.cat\/es\/wp-json\/wp\/v2\/tags\/?post=3241"}],"curies":[{"name":"wp","href":"https:\/\/api.w.org\/{rel}","templated":true}]}}