{"id":3203,"date":"2022-10-11T07:55:18","date_gmt":"2022-10-11T07:55:18","guid":{"rendered":"https:\/\/www.carlit.cat\/?p=3203"},"modified":"2022-10-11T07:55:18","modified_gmt":"2022-10-11T07:55:18","slug":"linea-productos-sostenibles","status":"publish","type":"post","link":"https:\/\/www.carlit.cat\/es\/linea-productos-sostenibles\/","title":{"rendered":"Carlit presenta la nueva l\u00ednea de productos sostenibles que no requieren conservaci\u00f3n en fr\u00edo"},"content":{"rendered":"<p><em><strong>La nueva l\u00ednea incorpora el envase de vidrio y se introducir\u00e1 en el mercado el pr\u00f3ximo a\u00f1o<\/strong><\/em><\/p>\n<p>Carlit presentar\u00e1 en la VII Noche del Gourmet Catal\u00e0 su nueva gama de productos envasadas en envase de vidrio.<\/p>\n<p>As\u00ed, el trinxat y el pan de h\u00edgado, productos emblem\u00e1ticos de Carlit, no requerir\u00e1n conservaci\u00f3n en fr\u00edo. Aparte de facilitar la conservaci\u00f3n a los clientes, el envase de vidrio es un paso m\u00e1s en la apuesta firme del productor de Puigcerd\u00e0 por avanzar en sostenibilidad, ya que los envases de vidrio son un 100% reciclables.<\/p>\n<p>Asimismo, el nuevo envase permite a Carlit abrir nuevos canales de venta, ya que los establecimientos no requerir\u00e1n tener expositores frigor\u00edficos para sus productos. Adem\u00e1s, en los supermercados, el trinxat y el pan de h\u00edgado podr\u00e1n estar ubicados en otras secciones que no sean refrigeradas.<\/p>\n<p>La apertura de nuevos canales de venta ya se puso de manifiesto durante la pandemia con la apertura de la <a href=\"https:\/\/botiga.carlit.cat\/es\/\">tienda online de Carlit.<\/a><\/p>\n<p>El gerente de Carlit, Xavier Espu\u00f1a, asegura que \u201cla apuesta por la sostenibilidad ha supuesto una inversi\u00f3n y esfuerzo muy importante para una empresa como nosotros, pero ser sostenible no es una opci\u00f3n. Es una obligaci\u00f3n\u201c.<\/p>\n<p>Los nuevos envases se suman a las acciones de sostenibilidad econ\u00f3mica, ambiental y social que hemos llamado <a href=\"https:\/\/www.carlit.cat\/es\/compromisos-carlit\/\">\u201cCompromisos Carlit\u201c.<\/a><\/p>\n<p><img loading=\"lazy\" decoding=\"async\" class=\"alignnone wp-image-3198 size-full\" src=\"https:\/\/www.carlit.cat\/wp-content\/uploads\/2022\/10\/Trinxat-Carlit-vidre-2.jpeg\" alt=\"\" width=\"700\" height=\"525\" srcset=\"https:\/\/www.carlit.cat\/wp-content\/uploads\/2022\/10\/Trinxat-Carlit-vidre-2.jpeg 700w, https:\/\/www.carlit.cat\/wp-content\/uploads\/2022\/10\/Trinxat-Carlit-vidre-2-300x225.jpeg 300w\" sizes=\"auto, (max-width: 700px) 100vw, 700px\" \/><\/p>\n","protected":false},"excerpt":{"rendered":"<p>La nueva l\u00ednea incorpora el envase de vidrio y se introducir\u00e1 en el mercado el pr\u00f3ximo a\u00f1o Carlit presentar\u00e1 en la VII Noche del Gourmet Catal\u00e0 su nueva gama de productos envasadas en envase de vidrio. As\u00ed, el trinxat y el pan de h\u00edgado, productos&#8230;<\/p>\n","protected":false},"author":7,"featured_media":3198,"comment_status":"closed","ping_status":"closed","sticky":false,"template":"","format":"standard","meta":{"footnotes":""},"categories":[58,55,21,54],"tags":[],"class_list":["post-3203","post","type-post","status-publish","format-standard","has-post-thumbnail","hentry","category-empresa-news","category-evento","category-news","category-productos"],"_links":{"self":[{"href":"https:\/\/www.carlit.cat\/es\/wp-json\/wp\/v2\/posts\/3203\/"}],"collection":[{"href":"https:\/\/www.carlit.cat\/es\/wp-json\/wp\/v2\/posts\/"}],"about":[{"href":"https:\/\/www.carlit.cat\/es\/wp-json\/wp\/v2\/types\/post\/"}],"author":[{"embeddable":true,"href":"https:\/\/www.carlit.cat\/es\/wp-json\/wp\/v2\/users\/7\/"}],"replies":[{"embeddable":true,"href":"https:\/\/www.carlit.cat\/es\/wp-json\/wp\/v2\/comments\/?post=3203"}],"version-history":[{"count":1,"href":"https:\/\/www.carlit.cat\/es\/wp-json\/wp\/v2\/posts\/3203\/revisions\/"}],"predecessor-version":[{"id":3204,"href":"https:\/\/www.carlit.cat\/es\/wp-json\/wp\/v2\/posts\/3203\/revisions\/3204\/"}],"wp:featuredmedia":[{"embeddable":true,"href":"https:\/\/www.carlit.cat\/es\/wp-json\/wp\/v2\/media\/3198\/"}],"wp:attachment":[{"href":"https:\/\/www.carlit.cat\/es\/wp-json\/wp\/v2\/media\/?parent=3203"}],"wp:term":[{"taxonomy":"category","embeddable":true,"href":"https:\/\/www.carlit.cat\/es\/wp-json\/wp\/v2\/categories\/?post=3203"},{"taxonomy":"post_tag","embeddable":true,"href":"https:\/\/www.carlit.cat\/es\/wp-json\/wp\/v2\/tags\/?post=3203"}],"curies":[{"name":"wp","href":"https:\/\/api.w.org\/{rel}","templated":true}]}}