{"id":3191,"date":"2022-09-05T10:17:45","date_gmt":"2022-09-05T10:17:45","guid":{"rendered":"https:\/\/www.carlit.cat\/?p=3191"},"modified":"2022-09-05T10:18:13","modified_gmt":"2022-09-05T10:18:13","slug":"practicas-odisseu","status":"publish","type":"post","link":"https:\/\/www.carlit.cat\/es\/practicas-odisseu\/","title":{"rendered":"Continuamos la promoci\u00f3n del talento local, con ODISSEU y la beca Carlit"},"content":{"rendered":"<p>Este verano, Carlit ha mantenido su apuesta por promover que el talento local tenga oportunidades profesionales en la Cerdanya que le permitan desarrollarse sin tener que irse de casa.<\/p>\n<p>En la marca de las pr\u00e1cticas Odisseu, que promueven el retorno a las zonas rurales de origen y el arraigo en el territorio de j\u00f3venes formados, este verano se ha sumado al equipo de Carlit Mireia Puig i Orriols, estudiante del Grau en Ciencias y Tecnolog\u00eda de los Alimentos en la Facultad de Veterinaria de la Universidad Aut\u00f3noma de Barcelona.<\/p>\n<p>Aparte de recibir la retribuci\u00f3n econ\u00f3mica por las pr\u00e1cticas realizadas, Carlit le ha concedido una beca por un importe de 2000 euros para los gastos del pr\u00f3ximo curso.<br \/>\nEn la imagen, el gerente de Carlit, Xavier Espu\u00f1a, entrega el cheque de la Beca Carlit a Mireia, junto con Oriol Duran, quien tambi\u00e9n fue estudiante de pr\u00e1cticas Odisseu y que se ha integrado en la estructura de Carlit de manera estable.<\/p>\n<p>Oriol empez\u00f3 a trabajar haciendo tareas de etiquetado algunas tardes o d\u00edas espor\u00e1dicos, durante el verano, mientras estudiaba el grado de econom\u00eda. M\u00e1s adelante, empez\u00f3 a ir durante los inviernos en caso de mucho trabajo. En 2017, en el marco de las pr\u00e1cticas Odisseu y a trav\u00e9s del acompa\u00f1amiento del <a href=\"https:\/\/www.cauc.cat\/\">Consorci GAL Alt Urgell-Cerdanya<\/a>, se incorpor\u00f3 en el \u00e1rea de administraci\u00f3n a jornada completa, en tareas de gesti\u00f3n de pedidos, control de stocks, planificaci\u00f3n y facturaci\u00f3n. De las pr\u00e1cticas pas\u00f3 a una sustituci\u00f3n temporal. Por \u00faltimo, despu\u00e9s de 6 a\u00f1os de v\u00ednculo con la empresa, Carlit formaliz\u00f3 su apuesta con un plan de carrera en vistas al futuro.<\/p>\n<p><img loading=\"lazy\" decoding=\"async\" class=\"aligncenter wp-image-3184 size-full\" src=\"https:\/\/www.carlit.cat\/wp-content\/uploads\/2022\/09\/Becaris.jpeg\" alt=\"\" width=\"1600\" height=\"1200\" srcset=\"https:\/\/www.carlit.cat\/wp-content\/uploads\/2022\/09\/Becaris.jpeg 1600w, https:\/\/www.carlit.cat\/wp-content\/uploads\/2022\/09\/Becaris-300x225.jpeg 300w, https:\/\/www.carlit.cat\/wp-content\/uploads\/2022\/09\/Becaris-768x576.jpeg 768w, https:\/\/www.carlit.cat\/wp-content\/uploads\/2022\/09\/Becaris-1024x768.jpeg 1024w, https:\/\/www.carlit.cat\/wp-content\/uploads\/2022\/09\/Becaris-800x600.jpeg 800w, https:\/\/www.carlit.cat\/wp-content\/uploads\/2022\/09\/Becaris-700x525.jpeg 700w\" sizes=\"auto, (max-width: 1600px) 100vw, 1600px\" \/><\/p>\n","protected":false},"excerpt":{"rendered":"<p>Este verano, Carlit ha mantenido su apuesta por promover que el talento local tenga oportunidades profesionales en la Cerdanya que le permitan desarrollarse sin tener que irse de casa. En la marca de las pr\u00e1cticas Odisseu, que promueven el retorno a las zonas rurales de&#8230;<\/p>\n","protected":false},"author":7,"featured_media":3187,"comment_status":"closed","ping_status":"closed","sticky":false,"template":"","format":"standard","meta":{"footnotes":""},"categories":[58,21],"tags":[],"class_list":["post-3191","post","type-post","status-publish","format-standard","has-post-thumbnail","hentry","category-empresa-news","category-news"],"_links":{"self":[{"href":"https:\/\/www.carlit.cat\/es\/wp-json\/wp\/v2\/posts\/3191\/"}],"collection":[{"href":"https:\/\/www.carlit.cat\/es\/wp-json\/wp\/v2\/posts\/"}],"about":[{"href":"https:\/\/www.carlit.cat\/es\/wp-json\/wp\/v2\/types\/post\/"}],"author":[{"embeddable":true,"href":"https:\/\/www.carlit.cat\/es\/wp-json\/wp\/v2\/users\/7\/"}],"replies":[{"embeddable":true,"href":"https:\/\/www.carlit.cat\/es\/wp-json\/wp\/v2\/comments\/?post=3191"}],"version-history":[{"count":1,"href":"https:\/\/www.carlit.cat\/es\/wp-json\/wp\/v2\/posts\/3191\/revisions\/"}],"predecessor-version":[{"id":3192,"href":"https:\/\/www.carlit.cat\/es\/wp-json\/wp\/v2\/posts\/3191\/revisions\/3192\/"}],"wp:featuredmedia":[{"embeddable":true,"href":"https:\/\/www.carlit.cat\/es\/wp-json\/wp\/v2\/media\/3187\/"}],"wp:attachment":[{"href":"https:\/\/www.carlit.cat\/es\/wp-json\/wp\/v2\/media\/?parent=3191"}],"wp:term":[{"taxonomy":"category","embeddable":true,"href":"https:\/\/www.carlit.cat\/es\/wp-json\/wp\/v2\/categories\/?post=3191"},{"taxonomy":"post_tag","embeddable":true,"href":"https:\/\/www.carlit.cat\/es\/wp-json\/wp\/v2\/tags\/?post=3191"}],"curies":[{"name":"wp","href":"https:\/\/api.w.org\/{rel}","templated":true}]}}