{"id":3178,"date":"2022-07-20T10:16:38","date_gmt":"2022-07-20T10:16:38","guid":{"rendered":"https:\/\/www.carlit.cat\/?p=3178"},"modified":"2022-07-20T12:36:12","modified_gmt":"2022-07-20T12:36:12","slug":"la-trinxeta-se-instala-todo-el-verano-en-la-piscina-del-aerodromo-de-das","status":"publish","type":"post","link":"https:\/\/www.carlit.cat\/es\/la-trinxeta-se-instala-todo-el-verano-en-la-piscina-del-aerodromo-de-das\/","title":{"rendered":"\u00a1La Trinxeta se instala todo el verano en la piscina del Aer\u00f3dromo de Cerdanya, en Das!"},"content":{"rendered":"<p>\u00a1Este verano no hay calor que nos detenga! Hemos instalado nuestra Trinxeta en la piscina del Aer\u00f3dromo de Cerdanya, en Das. Como el restaurante est\u00e1 cerrado por reformas, pues nosotros traemos la gastronom\u00eda de la Cerdanya y \u00a1ya est\u00e1!<\/p>\n<p>Os esperamos todos los d\u00edas, de lunes a domingo, de las 9.30h a las 20.30h.<\/p>\n<p>Encontrar\u00e9is todos los productos Carlit y tambi\u00e9n otras propuestas para completar.<\/p>\n<p>Por ejemplo, \u00bfqu\u00e9 tal un planchado con pan de h\u00edgado, cebolla crujiente y queso?<\/p>\n<p>\u00a1Os esperamos!<\/p>\n<p><img loading=\"lazy\" decoding=\"async\" class=\"wp-image-3161 alignleft\" src=\"https:\/\/www.carlit.cat\/wp-content\/uploads\/2022\/07\/Trinxeta-Das-1024x768.jpeg\" alt=\"\" width=\"391\" height=\"294\" srcset=\"https:\/\/www.carlit.cat\/wp-content\/uploads\/2022\/07\/Trinxeta-Das-1024x768.jpeg 1024w, https:\/\/www.carlit.cat\/wp-content\/uploads\/2022\/07\/Trinxeta-Das-300x225.jpeg 300w, https:\/\/www.carlit.cat\/wp-content\/uploads\/2022\/07\/Trinxeta-Das-768x576.jpeg 768w, https:\/\/www.carlit.cat\/wp-content\/uploads\/2022\/07\/Trinxeta-Das-800x600.jpeg 800w, https:\/\/www.carlit.cat\/wp-content\/uploads\/2022\/07\/Trinxeta-Das-700x525.jpeg 700w, https:\/\/www.carlit.cat\/wp-content\/uploads\/2022\/07\/Trinxeta-Das.jpeg 1600w\" sizes=\"auto, (max-width: 391px) 100vw, 391px\" \/><\/p>\n<p><img loading=\"lazy\" decoding=\"async\" class=\"wp-image-3166 alignleft\" src=\"https:\/\/www.carlit.cat\/wp-content\/uploads\/2022\/07\/Planxat-de-pa-de-fetge-Carlit-ceba-caramelitzada-i-formatge-768x1024.jpeg\" alt=\"\" width=\"219\" height=\"292\" srcset=\"https:\/\/www.carlit.cat\/wp-content\/uploads\/2022\/07\/Planxat-de-pa-de-fetge-Carlit-ceba-caramelitzada-i-formatge-768x1024.jpeg 768w, https:\/\/www.carlit.cat\/wp-content\/uploads\/2022\/07\/Planxat-de-pa-de-fetge-Carlit-ceba-caramelitzada-i-formatge-225x300.jpeg 225w, https:\/\/www.carlit.cat\/wp-content\/uploads\/2022\/07\/Planxat-de-pa-de-fetge-Carlit-ceba-caramelitzada-i-formatge-600x800.jpeg 600w, https:\/\/www.carlit.cat\/wp-content\/uploads\/2022\/07\/Planxat-de-pa-de-fetge-Carlit-ceba-caramelitzada-i-formatge-700x933.jpeg 700w, https:\/\/www.carlit.cat\/wp-content\/uploads\/2022\/07\/Planxat-de-pa-de-fetge-Carlit-ceba-caramelitzada-i-formatge.jpeg 1500w\" sizes=\"auto, (max-width: 219px) 100vw, 219px\" \/><\/p>\n","protected":false},"excerpt":{"rendered":"<p>\u00a1Este verano no hay calor que nos detenga! Hemos instalado nuestra Trinxeta en la piscina del Aer\u00f3dromo de Cerdanya, en Das. Como el restaurante est\u00e1 cerrado por reformas, pues nosotros traemos la gastronom\u00eda de la Cerdanya y \u00a1ya est\u00e1! Os esperamos todos los d\u00edas, de&#8230;<\/p>\n","protected":false},"author":7,"featured_media":3164,"comment_status":"closed","ping_status":"closed","sticky":false,"template":"","format":"standard","meta":{"footnotes":""},"categories":[21,20],"tags":[],"class_list":["post-3178","post","type-post","status-publish","format-standard","has-post-thumbnail","hentry","category-news","category-trinxeta"],"_links":{"self":[{"href":"https:\/\/www.carlit.cat\/es\/wp-json\/wp\/v2\/posts\/3178\/"}],"collection":[{"href":"https:\/\/www.carlit.cat\/es\/wp-json\/wp\/v2\/posts\/"}],"about":[{"href":"https:\/\/www.carlit.cat\/es\/wp-json\/wp\/v2\/types\/post\/"}],"author":[{"embeddable":true,"href":"https:\/\/www.carlit.cat\/es\/wp-json\/wp\/v2\/users\/7\/"}],"replies":[{"embeddable":true,"href":"https:\/\/www.carlit.cat\/es\/wp-json\/wp\/v2\/comments\/?post=3178"}],"version-history":[{"count":2,"href":"https:\/\/www.carlit.cat\/es\/wp-json\/wp\/v2\/posts\/3178\/revisions\/"}],"predecessor-version":[{"id":3181,"href":"https:\/\/www.carlit.cat\/es\/wp-json\/wp\/v2\/posts\/3178\/revisions\/3181\/"}],"wp:featuredmedia":[{"embeddable":true,"href":"https:\/\/www.carlit.cat\/es\/wp-json\/wp\/v2\/media\/3164\/"}],"wp:attachment":[{"href":"https:\/\/www.carlit.cat\/es\/wp-json\/wp\/v2\/media\/?parent=3178"}],"wp:term":[{"taxonomy":"category","embeddable":true,"href":"https:\/\/www.carlit.cat\/es\/wp-json\/wp\/v2\/categories\/?post=3178"},{"taxonomy":"post_tag","embeddable":true,"href":"https:\/\/www.carlit.cat\/es\/wp-json\/wp\/v2\/tags\/?post=3178"}],"curies":[{"name":"wp","href":"https:\/\/api.w.org\/{rel}","templated":true}]}}