{"id":2917,"date":"2022-03-29T16:18:04","date_gmt":"2022-03-29T16:18:04","guid":{"rendered":"https:\/\/www.carlit.cat\/?p=2917"},"modified":"2022-04-07T10:23:53","modified_gmt":"2022-04-07T10:23:53","slug":"nueva-linea-productos-sostenibles","status":"publish","type":"post","link":"https:\/\/www.carlit.cat\/es\/nueva-linea-productos-sostenibles\/","title":{"rendered":"Presentamos en Alimentaria la nueva l\u00ednea de productos sostenibles que no requieren conservaci\u00f3n en fr\u00edo"},"content":{"rendered":"<p>En Carlit presentaremos en Alimentaria (Barcelona, \u200b\u200b4-7 de abril) nuestra apuesta por la sostenibilidad: bandejas compostables para el trinxat y envases de vidrio.<\/p>\n<p>Por un lado, mostraremos las nuevas bandejas de 400 gramos de trinxat 100% compostables, que ya est\u00e1n en los supermercados y que permiten ahorrar un 72% del pl\u00e1stico que se utilizaba. Las bandejas se suman a los embalajes de cart\u00f3n FSC que garantizan que el papel proviene de bosques gestionados con criterios de sostenibilidad.<\/p>\n<p>Por otro lado, mostraremos los primeros prototipos de una nueva l\u00ednea de envase con vidrio, que permitir\u00e1 que los productos Carlit no necesiten ser refrigerados.<\/p>\n<p>El gerente de Carlit, Xavier Espu\u00f1a, asegura que <em>&#8220;la apuesta por la sostenibilidad debe suponer una inversi\u00f3n y un esfuerzo muy importante para una empresa como nosotros, pero ser sostenible no es una opci\u00f3n. Es una obligaci\u00f3n&#8221;.<\/em><\/p>\n<p>Xavier Espu\u00f1a a\u00f1ade que <em>\u201cdesde antes de la pandemia que empezamos a explorar materiales sostenibles para nuestros productos\u201d. Pero no es f\u00e1cil. Primero debes identificar los materiales, despu\u00e9s ser capaz de ajustar el proceso de producci\u00f3n a las nuevas caracter\u00edsticas de los materiales, y finalmente, asumir el sobrecoste que supone hacerlo con estos materiales. As\u00ed que hemos recortado nuestro margen de beneficios y hemos tenido muchos dolores de cabeza para conseguir que las cosas salieran bien. Pero volver\u00edamos a hacerlo mil veces m\u00e1s. La obligaci\u00f3n de los productores de alimentaci\u00f3n es hacer que la gente coma bien y sano, y que lo haga de forma sostenible\u201d.<\/em><\/p>\n<p>En Alimentaria se podr\u00e1n ver los primeros prototipos de trinxat y pan de h\u00edgado en envases de vidrio. El nuevo formato no s\u00f3lo es una apuesta por la sostenibilidad, sino que tambi\u00e9n permitir\u00e1 al fabricante salir de las zonas refrigeradas, puesto que los nuevos envases no requerir\u00e1n conservaci\u00f3n en fr\u00edo.<\/p>\n<p>Los nuevos envases se suman a las acciones de sostenibilidad econ\u00f3mica, ambiental y social que hemos llamado &#8220;<a href=\"https:\/\/www.carlit.cat\/compromisos-carlit\/\">Compromisos Carlit<\/a>&#8220;.<\/p>\n<p>Presentaremos todas las novedades en el stand de Cl\u00faster Gourmet Catalonia en los stands E200 y E150 del Pabell\u00f3n 1 de Fira de Barcelona.<\/p>\n<p><img loading=\"lazy\" decoding=\"async\" class=\"alignnone wp-image-2911\" src=\"https:\/\/www.carlit.cat\/wp-content\/uploads\/2022\/03\/IMG_9886-e1648570662336.jpg\" alt=\"\" width=\"479\" height=\"359\" \/><img loading=\"lazy\" decoding=\"async\" class=\"alignnone wp-image-2918\" src=\"https:\/\/www.carlit.cat\/wp-content\/uploads\/2022\/03\/IMG_9873-2-225x300.jpg\" alt=\"\" width=\"269\" height=\"359\" srcset=\"https:\/\/www.carlit.cat\/wp-content\/uploads\/2022\/03\/IMG_9873-2-225x300.jpg 225w, https:\/\/www.carlit.cat\/wp-content\/uploads\/2022\/03\/IMG_9873-2-768x1024.jpg 768w, https:\/\/www.carlit.cat\/wp-content\/uploads\/2022\/03\/IMG_9873-2-600x800.jpg 600w, https:\/\/www.carlit.cat\/wp-content\/uploads\/2022\/03\/IMG_9873-2-700x933.jpg 700w\" sizes=\"auto, (max-width: 269px) 100vw, 269px\" \/><\/p>\n","protected":false},"excerpt":{"rendered":"<p>En Carlit presentaremos en Alimentaria (Barcelona, \u200b\u200b4-7 de abril) nuestra apuesta por la sostenibilidad: bandejas compostables para el trinxat y envases de vidrio. Por un lado, mostraremos las nuevas bandejas de 400 gramos de trinxat 100% compostables, que ya est\u00e1n en los supermercados y que&#8230;<\/p>\n","protected":false},"author":7,"featured_media":2914,"comment_status":"closed","ping_status":"closed","sticky":false,"template":"","format":"standard","meta":{"footnotes":""},"categories":[58,55,21,54],"tags":[],"class_list":["post-2917","post","type-post","status-publish","format-standard","has-post-thumbnail","hentry","category-empresa-news","category-evento","category-news","category-productos"],"_links":{"self":[{"href":"https:\/\/www.carlit.cat\/es\/wp-json\/wp\/v2\/posts\/2917\/"}],"collection":[{"href":"https:\/\/www.carlit.cat\/es\/wp-json\/wp\/v2\/posts\/"}],"about":[{"href":"https:\/\/www.carlit.cat\/es\/wp-json\/wp\/v2\/types\/post\/"}],"author":[{"embeddable":true,"href":"https:\/\/www.carlit.cat\/es\/wp-json\/wp\/v2\/users\/7\/"}],"replies":[{"embeddable":true,"href":"https:\/\/www.carlit.cat\/es\/wp-json\/wp\/v2\/comments\/?post=2917"}],"version-history":[{"count":3,"href":"https:\/\/www.carlit.cat\/es\/wp-json\/wp\/v2\/posts\/2917\/revisions\/"}],"predecessor-version":[{"id":3117,"href":"https:\/\/www.carlit.cat\/es\/wp-json\/wp\/v2\/posts\/2917\/revisions\/3117\/"}],"wp:featuredmedia":[{"embeddable":true,"href":"https:\/\/www.carlit.cat\/es\/wp-json\/wp\/v2\/media\/2914\/"}],"wp:attachment":[{"href":"https:\/\/www.carlit.cat\/es\/wp-json\/wp\/v2\/media\/?parent=2917"}],"wp:term":[{"taxonomy":"category","embeddable":true,"href":"https:\/\/www.carlit.cat\/es\/wp-json\/wp\/v2\/categories\/?post=2917"},{"taxonomy":"post_tag","embeddable":true,"href":"https:\/\/www.carlit.cat\/es\/wp-json\/wp\/v2\/tags\/?post=2917"}],"curies":[{"name":"wp","href":"https:\/\/api.w.org\/{rel}","templated":true}]}}