{"id":2846,"date":"2021-07-28T11:57:23","date_gmt":"2021-07-28T11:57:23","guid":{"rendered":"https:\/\/www.carlit.cat\/?p=2846"},"modified":"2021-07-28T12:02:19","modified_gmt":"2021-07-28T12:02:19","slug":"cerdanya-music-festival","status":"publish","type":"post","link":"https:\/\/www.carlit.cat\/es\/cerdanya-music-festival\/","title":{"rendered":"\u00a1Nos vemos en el Cerdanya Music Festival!"},"content":{"rendered":"<p>\u00a1No pod\u00eda ser de otra manera! Si los Gipsy King, Nathy Peluso, Rosario, Manel o Sopa de Cabra vienen a la Cerdanya, el trinxat de la Cerdanya no pod\u00eda faltar.<\/p>\n<p>As\u00ed que del 12 al 23 de agosto si vienes al<a href=\"https:\/\/www.cerdanyamusicfestival.com\/\">Cerdanya Music Festival<\/a>, podr\u00e1s cenar trinxat y los embutidos de Carlit.<\/p>\n<p>Estaremos en el<a href=\"https:\/\/www.cerdanyamusicfestival.com\/ca\/el-village\">village<\/a> del festival donde prepararemos raciones de trinxat para compartir y prepararse para disfrutar con el concierto que hayas elegido.<\/p>\n<p>Y si te quedas a pasar el fin de semana y quieres llevarte un lote nuestros productos, lo tienes f\u00e1cil. Encontrar\u00e1 nuestros lotes en la<a href=\"https:\/\/lagrobotigacerdanya.org\/\">\u00a0Agrobotiga de la Cerdanya<\/a> de Fundaci\u00f3 Adis, en Puigcerd\u00e0.<\/p>\n<p>Te llevar\u00e1s un recuerdo de la Cerdanya y habr\u00e1s colaborado con la Fundaci\u00f3 Adis, que trabaja para favorecer a las personas con diversidad funcional en la integraci\u00f3n sociolaboral.<\/p>\n<p>\u00a1Nos vemos en el Cerdanya Music Festival!<\/p>\n<p>&nbsp;<\/p>\n<p><a href=\"https:\/\/www.cerdanyamusicfestival.com\/\"><img loading=\"lazy\" decoding=\"async\" class=\"alignnone size-medium wp-image-2851\" src=\"https:\/\/www.carlit.cat\/wp-content\/uploads\/2021\/07\/Cerdanya-Music-Festival-300x147.png\" alt=\"\" width=\"300\" height=\"147\" srcset=\"https:\/\/www.carlit.cat\/wp-content\/uploads\/2021\/07\/Cerdanya-Music-Festival-300x147.png 300w, https:\/\/www.carlit.cat\/wp-content\/uploads\/2021\/07\/Cerdanya-Music-Festival-768x376.png 768w, https:\/\/www.carlit.cat\/wp-content\/uploads\/2021\/07\/Cerdanya-Music-Festival-1024x502.png 1024w, https:\/\/www.carlit.cat\/wp-content\/uploads\/2021\/07\/Cerdanya-Music-Festival-700x343.png 700w, https:\/\/www.carlit.cat\/wp-content\/uploads\/2021\/07\/Cerdanya-Music-Festival.png 1677w\" sizes=\"auto, (max-width: 300px) 100vw, 300px\" \/><\/a><\/p>\n","protected":false},"excerpt":{"rendered":"<p>\u00a1No pod\u00eda ser de otra manera! Si los Gipsy King, Nathy Peluso, Rosario, Manel o Sopa de Cabra vienen a la Cerdanya, el trinxat de la Cerdanya no pod\u00eda faltar. As\u00ed que del 12 al 23 de agosto si vienes alCerdanya Music Festival, podr\u00e1s cenar&#8230;<\/p>\n","protected":false},"author":7,"featured_media":2851,"comment_status":"closed","ping_status":"closed","sticky":false,"template":"","format":"standard","meta":{"footnotes":""},"categories":[21],"tags":[],"class_list":["post-2846","post","type-post","status-publish","format-standard","has-post-thumbnail","hentry","category-news"],"_links":{"self":[{"href":"https:\/\/www.carlit.cat\/es\/wp-json\/wp\/v2\/posts\/2846\/"}],"collection":[{"href":"https:\/\/www.carlit.cat\/es\/wp-json\/wp\/v2\/posts\/"}],"about":[{"href":"https:\/\/www.carlit.cat\/es\/wp-json\/wp\/v2\/types\/post\/"}],"author":[{"embeddable":true,"href":"https:\/\/www.carlit.cat\/es\/wp-json\/wp\/v2\/users\/7\/"}],"replies":[{"embeddable":true,"href":"https:\/\/www.carlit.cat\/es\/wp-json\/wp\/v2\/comments\/?post=2846"}],"version-history":[{"count":5,"href":"https:\/\/www.carlit.cat\/es\/wp-json\/wp\/v2\/posts\/2846\/revisions\/"}],"predecessor-version":[{"id":2859,"href":"https:\/\/www.carlit.cat\/es\/wp-json\/wp\/v2\/posts\/2846\/revisions\/2859\/"}],"wp:featuredmedia":[{"embeddable":true,"href":"https:\/\/www.carlit.cat\/es\/wp-json\/wp\/v2\/media\/2851\/"}],"wp:attachment":[{"href":"https:\/\/www.carlit.cat\/es\/wp-json\/wp\/v2\/media\/?parent=2846"}],"wp:term":[{"taxonomy":"category","embeddable":true,"href":"https:\/\/www.carlit.cat\/es\/wp-json\/wp\/v2\/categories\/?post=2846"},{"taxonomy":"post_tag","embeddable":true,"href":"https:\/\/www.carlit.cat\/es\/wp-json\/wp\/v2\/tags\/?post=2846"}],"curies":[{"name":"wp","href":"https:\/\/api.w.org\/{rel}","templated":true}]}}