{"id":2842,"date":"2021-07-02T13:36:26","date_gmt":"2021-07-02T13:36:26","guid":{"rendered":"https:\/\/www.carlit.cat\/?p=2842"},"modified":"2021-07-09T11:32:21","modified_gmt":"2021-07-09T11:32:21","slug":"arrancamos-carlitx-con-el-cocinero-marc-ribas-de-joc-de-cartes","status":"publish","type":"post","link":"https:\/\/www.carlit.cat\/es\/arrancamos-carlitx-con-el-cocinero-marc-ribas-de-joc-de-cartes\/","title":{"rendered":"Arrancamos &#8220;CarlitX&#8221; con el cocinero Marc Ribas de Joc de Cartes"},"content":{"rendered":"<p>Esta semana se hace p\u00fablica la primera entrega del proyecto CarlitX, una colecci\u00f3n de entrevistas con personajes de diversos \u00e1mbitos con quien Carlit y su comunidad comparte valores.<\/p>\n<p>El nombre del proyecto, muestra el signo de la multiplicaci\u00f3n, la &#8220;X&#8221;, para mostrar que la uni\u00f3n de personas comprometidas y alineadas con valores como el compromiso, el respeto, la sostenibilidad, y la estima en el territorio, tiene un efecto multiplicador .<\/p>\n<p>La primera entrega es una entrevista con Marc Ribas, el cocinero del restaurante la Taverna del Ciri y presentador de programas como \u201cCuines\u201d y \u201cJoc de Cartes\u201d.<\/p>\n<p>En la entrevista, la periodista Eva Torrents explora la parte m\u00e1s personal de Ribas entorno a sus valores y su visi\u00f3n de la vida.<br \/>\nCon frases contundentes como &#8220;yo no perdono&#8221; o &#8220;me ha pasado por delante un tren que cog\u00ed y alg\u00fan d\u00eda tendr\u00e9 que parar y mirar que me ha pasado&#8221;, el cocinero desnuda de manera contundente y sincera una personalidad aut\u00e9ntica basada en la honestidad personal.<\/p>\n<p><iframe loading=\"lazy\" title=\"YouTube video player\" src=\"https:\/\/www.youtube.com\/embed\/e2P6LtL7rk0\" width=\"560\" height=\"315\" frameborder=\"0\" allowfullscreen=\"allowfullscreen\"><\/iframe><\/p>\n","protected":false},"excerpt":{"rendered":"<p>Esta semana se hace p\u00fablica la primera entrega del proyecto CarlitX, una colecci\u00f3n de entrevistas con personajes de diversos \u00e1mbitos con quien Carlit y su comunidad comparte valores. El nombre del proyecto, muestra el signo de la multiplicaci\u00f3n, la &#8220;X&#8221;, para mostrar que la uni\u00f3n&#8230;<\/p>\n","protected":false},"author":7,"featured_media":2840,"comment_status":"closed","ping_status":"closed","sticky":false,"template":"","format":"standard","meta":{"footnotes":""},"categories":[58,55,21],"tags":[],"class_list":["post-2842","post","type-post","status-publish","format-standard","has-post-thumbnail","hentry","category-empresa-news","category-evento","category-news"],"_links":{"self":[{"href":"https:\/\/www.carlit.cat\/es\/wp-json\/wp\/v2\/posts\/2842\/"}],"collection":[{"href":"https:\/\/www.carlit.cat\/es\/wp-json\/wp\/v2\/posts\/"}],"about":[{"href":"https:\/\/www.carlit.cat\/es\/wp-json\/wp\/v2\/types\/post\/"}],"author":[{"embeddable":true,"href":"https:\/\/www.carlit.cat\/es\/wp-json\/wp\/v2\/users\/7\/"}],"replies":[{"embeddable":true,"href":"https:\/\/www.carlit.cat\/es\/wp-json\/wp\/v2\/comments\/?post=2842"}],"version-history":[{"count":1,"href":"https:\/\/www.carlit.cat\/es\/wp-json\/wp\/v2\/posts\/2842\/revisions\/"}],"predecessor-version":[{"id":2843,"href":"https:\/\/www.carlit.cat\/es\/wp-json\/wp\/v2\/posts\/2842\/revisions\/2843\/"}],"wp:featuredmedia":[{"embeddable":true,"href":"https:\/\/www.carlit.cat\/es\/wp-json\/wp\/v2\/media\/2840\/"}],"wp:attachment":[{"href":"https:\/\/www.carlit.cat\/es\/wp-json\/wp\/v2\/media\/?parent=2842"}],"wp:term":[{"taxonomy":"category","embeddable":true,"href":"https:\/\/www.carlit.cat\/es\/wp-json\/wp\/v2\/categories\/?post=2842"},{"taxonomy":"post_tag","embeddable":true,"href":"https:\/\/www.carlit.cat\/es\/wp-json\/wp\/v2\/tags\/?post=2842"}],"curies":[{"name":"wp","href":"https:\/\/api.w.org\/{rel}","templated":true}]}}