{"id":2782,"date":"2021-03-30T07:41:01","date_gmt":"2021-03-30T07:41:01","guid":{"rendered":"https:\/\/www.carlit.cat\/?p=2782"},"modified":"2021-03-30T07:41:01","modified_gmt":"2021-03-30T07:41:01","slug":"junto-al-club-gel-de-puigcerda","status":"publish","type":"post","link":"https:\/\/www.carlit.cat\/es\/junto-al-club-gel-de-puigcerda\/","title":{"rendered":"Sumando junto al Club Gel de Puigcerd\u00e0"},"content":{"rendered":"<p>Hace unos d\u00edas entramos a la pista del <a href=\"http:\/\/clubgelpuigcerda.com\/\">Club Gel de Puigcerd\u00e1<\/a>. \u00a1En Carlit hemos querido sumar junto a los amarillos y negros que han llevado el hockey hielo\u00a0muy arriba!<br \/>\nAs\u00ed que si vais a ver alg\u00fan partido de estos cracks, nos encontrar\u00e9is, tal y como muestran las im\u00e1genes.<\/p>\n<p>El septiembre pasado nuestro club se convirti\u00f3 en el nuevo campe\u00f3n de la Liga de Hockey Hielo (LNHH). El equipo conquist\u00f3 su 6.\u00ba t\u00edtulo estatal, el primero en doce a\u00f1os. \u00a1Y esto merec\u00eda celebraci\u00f3n!<\/p>\n<p>Uno de los <a href=\"https:\/\/www.carlit.cat\/compromisos-carlit\/\">#CompromisosCarlit<\/a> es apoyar en el territorio y a nuestra gente. \u00a1No podemos llegar a todos los clubes ni a todos los deportes, pero nos ha parecido que hab\u00eda que sumar junto a los qui\u00e9n, desde el mundo del deporte, llevan la Cerda\u00f1a arriba de todo!!!<\/p>\n<p><img loading=\"lazy\" decoding=\"async\" class=\"alignnone size-medium wp-image-2777\" src=\"https:\/\/www.carlit.cat\/wp-content\/uploads\/2021\/03\/DSC_0898-300x204.jpg\" alt=\"\" width=\"300\" height=\"204\" srcset=\"https:\/\/www.carlit.cat\/wp-content\/uploads\/2021\/03\/DSC_0898-300x204.jpg 300w, https:\/\/www.carlit.cat\/wp-content\/uploads\/2021\/03\/DSC_0898-768x523.jpg 768w, https:\/\/www.carlit.cat\/wp-content\/uploads\/2021\/03\/DSC_0898-1024x697.jpg 1024w, https:\/\/www.carlit.cat\/wp-content\/uploads\/2021\/03\/DSC_0898-700x477.jpg 700w, https:\/\/www.carlit.cat\/wp-content\/uploads\/2021\/03\/DSC_0898.jpg 1200w\" sizes=\"auto, (max-width: 300px) 100vw, 300px\" \/>\u00a0\u00a0<img loading=\"lazy\" decoding=\"async\" class=\"alignnone wp-image-2773\" src=\"https:\/\/www.carlit.cat\/wp-content\/uploads\/2021\/03\/DSC_0957-300x200.jpg\" alt=\"\" width=\"305\" height=\"203\" srcset=\"https:\/\/www.carlit.cat\/wp-content\/uploads\/2021\/03\/DSC_0957-300x200.jpg 300w, https:\/\/www.carlit.cat\/wp-content\/uploads\/2021\/03\/DSC_0957-768x512.jpg 768w, https:\/\/www.carlit.cat\/wp-content\/uploads\/2021\/03\/DSC_0957-1024x683.jpg 1024w, https:\/\/www.carlit.cat\/wp-content\/uploads\/2021\/03\/DSC_0957-700x467.jpg 700w, https:\/\/www.carlit.cat\/wp-content\/uploads\/2021\/03\/DSC_0957.jpg 1200w\" sizes=\"auto, (max-width: 305px) 100vw, 305px\" \/><\/p>\n","protected":false},"excerpt":{"rendered":"<p>Hace unos d\u00edas entramos a la pista del Club Gel de Puigcerd\u00e1. \u00a1En Carlit hemos querido sumar junto a los amarillos y negros que han llevado el hockey hielo\u00a0muy arriba! As\u00ed que si vais a ver alg\u00fan partido de estos cracks, nos encontrar\u00e9is, tal y&#8230;<\/p>\n","protected":false},"author":7,"featured_media":2776,"comment_status":"closed","ping_status":"closed","sticky":false,"template":"","format":"standard","meta":{"footnotes":""},"categories":[21],"tags":[],"class_list":["post-2782","post","type-post","status-publish","format-standard","has-post-thumbnail","hentry","category-news"],"_links":{"self":[{"href":"https:\/\/www.carlit.cat\/es\/wp-json\/wp\/v2\/posts\/2782\/"}],"collection":[{"href":"https:\/\/www.carlit.cat\/es\/wp-json\/wp\/v2\/posts\/"}],"about":[{"href":"https:\/\/www.carlit.cat\/es\/wp-json\/wp\/v2\/types\/post\/"}],"author":[{"embeddable":true,"href":"https:\/\/www.carlit.cat\/es\/wp-json\/wp\/v2\/users\/7\/"}],"replies":[{"embeddable":true,"href":"https:\/\/www.carlit.cat\/es\/wp-json\/wp\/v2\/comments\/?post=2782"}],"version-history":[{"count":1,"href":"https:\/\/www.carlit.cat\/es\/wp-json\/wp\/v2\/posts\/2782\/revisions\/"}],"predecessor-version":[{"id":2783,"href":"https:\/\/www.carlit.cat\/es\/wp-json\/wp\/v2\/posts\/2782\/revisions\/2783\/"}],"wp:featuredmedia":[{"embeddable":true,"href":"https:\/\/www.carlit.cat\/es\/wp-json\/wp\/v2\/media\/2776\/"}],"wp:attachment":[{"href":"https:\/\/www.carlit.cat\/es\/wp-json\/wp\/v2\/media\/?parent=2782"}],"wp:term":[{"taxonomy":"category","embeddable":true,"href":"https:\/\/www.carlit.cat\/es\/wp-json\/wp\/v2\/categories\/?post=2782"},{"taxonomy":"post_tag","embeddable":true,"href":"https:\/\/www.carlit.cat\/es\/wp-json\/wp\/v2\/tags\/?post=2782"}],"curies":[{"name":"wp","href":"https:\/\/api.w.org\/{rel}","templated":true}]}}