{"id":2759,"date":"2021-02-01T15:35:55","date_gmt":"2021-02-01T15:35:55","guid":{"rendered":"https:\/\/www.carlit.cat\/?p=2759"},"modified":"2023-07-07T07:40:42","modified_gmt":"2023-07-07T07:40:42","slug":"carlit-apuesta-retencion-de-talento","status":"publish","type":"post","link":"https:\/\/www.carlit.cat\/es\/carlit-apuesta-retencion-de-talento\/","title":{"rendered":"Carlit apuesta por la retenci\u00f3n de talento del territorio"},"content":{"rendered":"<p>Carlit ha oficializado esta semana la promoci\u00f3n de Oriol Duran en la posici\u00f3n de \u201ccopiloto\u201d del proyecto, como adjunto a Xavier Espu\u00f1a, fundador y gerente de la empresa.<\/p>\n<p>La acci\u00f3n se enmarca dentro de los <a href=\"https:\/\/www.carlit.cat\/es\/compromisos-carlit\/\">#CompromisosCarlit<\/a>, un conjunto de seis ejes que definen el valor diferencial de la marca, tambi\u00e9n respeto la relaci\u00f3n que establece con la comunidad.<\/p>\n<p>Oriol empez\u00f3 a trabajar haciendo tareas de etiquetado algunas tardes o d\u00edas espor\u00e1dicos, durante el verano, mientras estudiaba el grado de econom\u00eda. M\u00e1s adelante, empez\u00f3 a ir durante los inviernos en caso de aumento de trabajo. El 2017, en el marco de las pr\u00e1cticas <a href=\"http:\/\/www.odisseujove.cat\/\">Odisseum<\/a> y con el acompa\u00f1amiento del <em><a href=\"http:\/\/www.cauc.cat\/\">Consorci GAL Alt Urgell-Cerdanya<\/a><\/em>, se incorpor\u00f3 en el \u00e1rea de administraci\u00f3n a jornada completa, en tareas de gesti\u00f3n de pedidos, control de stocks, planificaci\u00f3n y facturaci\u00f3n. De las pr\u00e1cticas, pas\u00f3 a una sustituci\u00f3n temporal y ahora, despu\u00e9s de 6 a\u00f1os de v\u00ednculo con la empresa, la empresa ha querido formalizar su apuesta con un plan de carrera en vistas al futuro.<\/p>\n<p>El gerente de Carlit, Xavier Espu\u00f1a, explica que la incorporaci\u00f3n de Oriol es una muestra de c\u00f3mo entiende la empresa la responsabilidad social (RSE): <em>\u201cHay empresas que llenan los webs de memorias de responsabilidad social. Nosotros somos peque\u00f1os y no hacemos estas cosas para hacer memorias, sino porque es nuestra manera de entender el proyecto. Queremos que la Cerda\u00f1a sea un territorio de oportunidades, que la gente joven y buena no tenga que marcharse. Programas como Odisseum ayudan de manera muy pr\u00e1ctica el territorio\u201d.<\/em><\/p>\n<p>Por su parte, Oriol Duran se muestra muy motivado: <em>\u201c\u00a1Estoy muy contento! Creo que puedo aportar al proyecto porque he estado en diferentes posiciones dentro de la empresa. Las pr\u00e1cticas de Odisseum me dieron la oportunidad de conocer la empresa desde un punto de vista administrativo, adem\u00e1s de toda la formaci\u00f3n que se me dio y que me ha permitido conocer la industria alimentaria desde el punto de vista empresarial\u201d.<\/em><\/p>\n<p>Oriol hace un llamamiento a los j\u00f3venes de la Cerda\u00f1a: <em>\u201cYo dir\u00eda que los j\u00f3venes en general, y me incluyo, estamos muy obsesionados por marcharnos afuera, especialmente cuando venimos de un pueblo peque\u00f1o. Es normal, y totalmente v\u00e1lido, pero a menudo buscando fuera nos podemos perder oportunidades que tenemos junto a casa\u201d.<\/em><\/p>\n<p><img loading=\"lazy\" decoding=\"async\" class=\"alignnone wp-image-3400 size-full\" src=\"https:\/\/www.carlit.cat\/wp-content\/uploads\/2021\/02\/Oriol-Duran_Carlit-1.png\" alt=\"\" width=\"744\" height=\"554\" srcset=\"https:\/\/www.carlit.cat\/wp-content\/uploads\/2021\/02\/Oriol-Duran_Carlit-1.png 744w, https:\/\/www.carlit.cat\/wp-content\/uploads\/2021\/02\/Oriol-Duran_Carlit-1-300x223.png 300w, https:\/\/www.carlit.cat\/wp-content\/uploads\/2021\/02\/Oriol-Duran_Carlit-1-700x521.png 700w\" sizes=\"auto, (max-width: 744px) 100vw, 744px\" \/><\/p>\n","protected":false},"excerpt":{"rendered":"<p>Carlit ha oficializado esta semana la promoci\u00f3n de Oriol Duran en la posici\u00f3n de \u201ccopiloto\u201d del proyecto, como adjunto a Xavier Espu\u00f1a, fundador y gerente de la empresa. La acci\u00f3n se enmarca dentro de los #CompromisosCarlit, un conjunto de seis ejes que definen el valor&#8230;<\/p>\n","protected":false},"author":6,"featured_media":2756,"comment_status":"closed","ping_status":"closed","sticky":false,"template":"","format":"standard","meta":{"footnotes":""},"categories":[58,21],"tags":[],"class_list":["post-2759","post","type-post","status-publish","format-standard","has-post-thumbnail","hentry","category-empresa-news","category-news"],"_links":{"self":[{"href":"https:\/\/www.carlit.cat\/es\/wp-json\/wp\/v2\/posts\/2759\/"}],"collection":[{"href":"https:\/\/www.carlit.cat\/es\/wp-json\/wp\/v2\/posts\/"}],"about":[{"href":"https:\/\/www.carlit.cat\/es\/wp-json\/wp\/v2\/types\/post\/"}],"author":[{"embeddable":true,"href":"https:\/\/www.carlit.cat\/es\/wp-json\/wp\/v2\/users\/6\/"}],"replies":[{"embeddable":true,"href":"https:\/\/www.carlit.cat\/es\/wp-json\/wp\/v2\/comments\/?post=2759"}],"version-history":[{"count":2,"href":"https:\/\/www.carlit.cat\/es\/wp-json\/wp\/v2\/posts\/2759\/revisions\/"}],"predecessor-version":[{"id":3404,"href":"https:\/\/www.carlit.cat\/es\/wp-json\/wp\/v2\/posts\/2759\/revisions\/3404\/"}],"wp:featuredmedia":[{"embeddable":true,"href":"https:\/\/www.carlit.cat\/es\/wp-json\/wp\/v2\/media\/2756\/"}],"wp:attachment":[{"href":"https:\/\/www.carlit.cat\/es\/wp-json\/wp\/v2\/media\/?parent=2759"}],"wp:term":[{"taxonomy":"category","embeddable":true,"href":"https:\/\/www.carlit.cat\/es\/wp-json\/wp\/v2\/categories\/?post=2759"},{"taxonomy":"post_tag","embeddable":true,"href":"https:\/\/www.carlit.cat\/es\/wp-json\/wp\/v2\/tags\/?post=2759"}],"curies":[{"name":"wp","href":"https:\/\/api.w.org\/{rel}","templated":true}]}}