{"id":2667,"date":"2020-12-01T17:32:42","date_gmt":"2020-12-01T17:32:42","guid":{"rendered":"https:\/\/www.carlit.cat\/?p=2667"},"modified":"2020-12-01T17:34:32","modified_gmt":"2020-12-01T17:34:32","slug":"carlit-repasa-su-trayectoria-en-una-entrevista-en-el-panxing-cerdanya","status":"publish","type":"post","link":"https:\/\/www.carlit.cat\/es\/carlit-repasa-su-trayectoria-en-una-entrevista-en-el-panxing-cerdanya\/","title":{"rendered":"Carlit repasa su trayectoria en una entrevista en el Panxing Cerdanya"},"content":{"rendered":"<p><a href=\"http:\/\/www.panxing.net\/cerdanya\">Panxing Cerdanya<\/a> ha publicado una entrevista a Xavier Espu\u00f1a, gerente de Carlit, que recoge la trayectoria empresarial de Carlit, as\u00ed como los #CompromisosCarlit, los grandes ejes de trabajo estrat\u00e9gicos.<\/p>\n<p>En la entrevista, tambi\u00e9n se habla de la campa\u00f1a Regala Carlit que se ha activado hace unas semanas y que permite comprar y enviar lotes de productos de la Cerdanya en Catalu\u00f1a, a trav\u00e9s de la web <a href=\"http:\/\/www.botiga.carlit.cat\">www.botiga.carlit.cat<\/a><\/p>\n<p>En la iniciativa colabora Fundaci\u00f3 Adis, que preparar\u00e1 los lotes, con quien Carlit ha firmado un convenio de colaboraci\u00f3n.<\/p>\n<p>Pod\u00e9is\u00a0leer la entrevista completa aqu\u00ed. <strong><a href=\"https:\/\/www.carlit.cat\/wp-content\/uploads\/2020\/12\/Entrevista-Panxing-Carlit.pdf\">aqu\u00ed<\/a>.<\/strong><\/p>\n<p><img loading=\"lazy\" decoding=\"async\" class=\"alignnone size-full wp-image-2657\" src=\"https:\/\/www.carlit.cat\/wp-content\/uploads\/2020\/12\/Entrevista-Panxing-Carlit.jpg\" alt=\"\" width=\"3496\" height=\"2480\" srcset=\"https:\/\/www.carlit.cat\/wp-content\/uploads\/2020\/12\/Entrevista-Panxing-Carlit.jpg 3496w, https:\/\/www.carlit.cat\/wp-content\/uploads\/2020\/12\/Entrevista-Panxing-Carlit-300x213.jpg 300w, https:\/\/www.carlit.cat\/wp-content\/uploads\/2020\/12\/Entrevista-Panxing-Carlit-768x545.jpg 768w, https:\/\/www.carlit.cat\/wp-content\/uploads\/2020\/12\/Entrevista-Panxing-Carlit-1024x726.jpg 1024w, https:\/\/www.carlit.cat\/wp-content\/uploads\/2020\/12\/Entrevista-Panxing-Carlit-700x497.jpg 700w\" sizes=\"auto, (max-width: 3496px) 100vw, 3496px\" \/><\/p>\n","protected":false},"excerpt":{"rendered":"<p>Panxing Cerdanya ha publicado una entrevista a Xavier Espu\u00f1a, gerente de Carlit, que recoge la trayectoria empresarial de Carlit, as\u00ed como los #CompromisosCarlit, los grandes ejes de trabajo estrat\u00e9gicos. En la entrevista, tambi\u00e9n se habla de la campa\u00f1a Regala Carlit que se ha activado hace&#8230;<\/p>\n","protected":false},"author":6,"featured_media":2657,"comment_status":"closed","ping_status":"closed","sticky":false,"template":"","format":"standard","meta":{"footnotes":""},"categories":[58,56,21],"tags":[],"class_list":["post-2667","post","type-post","status-publish","format-standard","has-post-thumbnail","hentry","category-empresa-news","category-medios-de-comunicacion","category-news"],"_links":{"self":[{"href":"https:\/\/www.carlit.cat\/es\/wp-json\/wp\/v2\/posts\/2667\/"}],"collection":[{"href":"https:\/\/www.carlit.cat\/es\/wp-json\/wp\/v2\/posts\/"}],"about":[{"href":"https:\/\/www.carlit.cat\/es\/wp-json\/wp\/v2\/types\/post\/"}],"author":[{"embeddable":true,"href":"https:\/\/www.carlit.cat\/es\/wp-json\/wp\/v2\/users\/6\/"}],"replies":[{"embeddable":true,"href":"https:\/\/www.carlit.cat\/es\/wp-json\/wp\/v2\/comments\/?post=2667"}],"version-history":[{"count":2,"href":"https:\/\/www.carlit.cat\/es\/wp-json\/wp\/v2\/posts\/2667\/revisions\/"}],"predecessor-version":[{"id":2670,"href":"https:\/\/www.carlit.cat\/es\/wp-json\/wp\/v2\/posts\/2667\/revisions\/2670\/"}],"wp:featuredmedia":[{"embeddable":true,"href":"https:\/\/www.carlit.cat\/es\/wp-json\/wp\/v2\/media\/2657\/"}],"wp:attachment":[{"href":"https:\/\/www.carlit.cat\/es\/wp-json\/wp\/v2\/media\/?parent=2667"}],"wp:term":[{"taxonomy":"category","embeddable":true,"href":"https:\/\/www.carlit.cat\/es\/wp-json\/wp\/v2\/categories\/?post=2667"},{"taxonomy":"post_tag","embeddable":true,"href":"https:\/\/www.carlit.cat\/es\/wp-json\/wp\/v2\/tags\/?post=2667"}],"curies":[{"name":"wp","href":"https:\/\/api.w.org\/{rel}","templated":true}]}}