{"id":2421,"date":"2020-10-13T10:02:29","date_gmt":"2020-10-13T10:02:29","guid":{"rendered":"https:\/\/www.carlit.cat\/?p=2421"},"modified":"2020-10-13T12:50:50","modified_gmt":"2020-10-13T12:50:50","slug":"carlit-y-fundacion-adis-lotes-regalo","status":"publish","type":"post","link":"https:\/\/www.carlit.cat\/es\/carlit-y-fundacion-adis-lotes-regalo\/","title":{"rendered":"\u00a1Carlit y la Fundaci\u00f3n ADIS de Puigcerd\u00e1, juntos, para haceros llegar los lotes de productos Carlit!"},"content":{"rendered":"<p>\u00a1A partir de hoy tenemos unos nuevos compa\u00f1eros de viaje! Y es que hemos cerrado un acuerdo de colaboraci\u00f3n con la <a href=\"http:\/\/fundacioadis.org\/\">Fundaci\u00f3n ADIS de Puigcerd\u00e0<\/a>, que trabaja por la integraci\u00f3n social de personas con diversidad funcional de la Cerdanya y fomentar su autonom\u00eda personal.<\/p>\n<p>Por un lado, Fundaci\u00f3n ADIS se encargar\u00e1 de preparar todos los lotes de \u201cRegala Carlit\u201d de la nueva <a href=\"https:\/\/botiga.carlit.cat\/es\/\">tienda online<\/a>. Y por la otra, comercializar\u00e1 productos Carlit en la nueva agrobotiga de la Cerdanya que acaban de abrir.<\/p>\n<p>\u00a1Felices de sumarnos a la integraci\u00f3n social en la Cerdanya y de hacer crecer, juntos, proyectos de casa!<\/p>\n<p><img loading=\"lazy\" decoding=\"async\" class=\"alignnone size-full wp-image-2412\" src=\"https:\/\/www.carlit.cat\/wp-content\/uploads\/2020\/10\/WhatsApp-Image-2020-10-13-at-11.43.41.jpeg\" alt=\"\" width=\"1200\" height=\"900\" srcset=\"https:\/\/www.carlit.cat\/wp-content\/uploads\/2020\/10\/WhatsApp-Image-2020-10-13-at-11.43.41.jpeg 1200w, https:\/\/www.carlit.cat\/wp-content\/uploads\/2020\/10\/WhatsApp-Image-2020-10-13-at-11.43.41-300x225.jpeg 300w, https:\/\/www.carlit.cat\/wp-content\/uploads\/2020\/10\/WhatsApp-Image-2020-10-13-at-11.43.41-768x576.jpeg 768w, https:\/\/www.carlit.cat\/wp-content\/uploads\/2020\/10\/WhatsApp-Image-2020-10-13-at-11.43.41-1024x768.jpeg 1024w, https:\/\/www.carlit.cat\/wp-content\/uploads\/2020\/10\/WhatsApp-Image-2020-10-13-at-11.43.41-800x600.jpeg 800w, https:\/\/www.carlit.cat\/wp-content\/uploads\/2020\/10\/WhatsApp-Image-2020-10-13-at-11.43.41-700x525.jpeg 700w\" sizes=\"auto, (max-width: 1200px) 100vw, 1200px\" \/><\/p>\n","protected":false},"excerpt":{"rendered":"<p>\u00a1A partir de hoy tenemos unos nuevos compa\u00f1eros de viaje! Y es que hemos cerrado un acuerdo de colaboraci\u00f3n con la Fundaci\u00f3n ADIS de Puigcerd\u00e0, que trabaja por la integraci\u00f3n social de personas con diversidad funcional de la Cerdanya y fomentar su autonom\u00eda personal. Por&#8230;<\/p>\n","protected":false},"author":6,"featured_media":2420,"comment_status":"closed","ping_status":"closed","sticky":false,"template":"","format":"standard","meta":{"footnotes":""},"categories":[58,21,54],"tags":[],"class_list":["post-2421","post","type-post","status-publish","format-standard","has-post-thumbnail","hentry","category-empresa-news","category-news","category-productos"],"_links":{"self":[{"href":"https:\/\/www.carlit.cat\/es\/wp-json\/wp\/v2\/posts\/2421\/"}],"collection":[{"href":"https:\/\/www.carlit.cat\/es\/wp-json\/wp\/v2\/posts\/"}],"about":[{"href":"https:\/\/www.carlit.cat\/es\/wp-json\/wp\/v2\/types\/post\/"}],"author":[{"embeddable":true,"href":"https:\/\/www.carlit.cat\/es\/wp-json\/wp\/v2\/users\/6\/"}],"replies":[{"embeddable":true,"href":"https:\/\/www.carlit.cat\/es\/wp-json\/wp\/v2\/comments\/?post=2421"}],"version-history":[{"count":2,"href":"https:\/\/www.carlit.cat\/es\/wp-json\/wp\/v2\/posts\/2421\/revisions\/"}],"predecessor-version":[{"id":2424,"href":"https:\/\/www.carlit.cat\/es\/wp-json\/wp\/v2\/posts\/2421\/revisions\/2424\/"}],"wp:featuredmedia":[{"embeddable":true,"href":"https:\/\/www.carlit.cat\/es\/wp-json\/wp\/v2\/media\/2420\/"}],"wp:attachment":[{"href":"https:\/\/www.carlit.cat\/es\/wp-json\/wp\/v2\/media\/?parent=2421"}],"wp:term":[{"taxonomy":"category","embeddable":true,"href":"https:\/\/www.carlit.cat\/es\/wp-json\/wp\/v2\/categories\/?post=2421"},{"taxonomy":"post_tag","embeddable":true,"href":"https:\/\/www.carlit.cat\/es\/wp-json\/wp\/v2\/tags\/?post=2421"}],"curies":[{"name":"wp","href":"https:\/\/api.w.org\/{rel}","templated":true}]}}