{"id":1829,"date":"2020-06-19T09:26:09","date_gmt":"2020-06-19T09:26:09","guid":{"rendered":"https:\/\/www.carlit.cat\/?p=1829"},"modified":"2020-06-19T09:26:09","modified_gmt":"2020-06-19T09:26:09","slug":"estrenamos-banda-sonora","status":"publish","type":"post","link":"https:\/\/www.carlit.cat\/es\/estrenamos-banda-sonora\/","title":{"rendered":"\u00a1\u00a1\u00a1\u00a1Estrenamos banda sonora!!!!"},"content":{"rendered":"<p>\u00a1\u00a1S\u00ed, s\u00ed, no nos estamos de nada!!<br \/>\nHace unas semanas, en pleno confinamiento, decidimos que nos faltaba un sentido a nuestra marca: el auditivo. Porque el del gusto&#8230; este lo tenemos bien trabajado.<br \/>\n\u00a1Vaya que nos faltaba la m\u00fasica!<br \/>\nAs\u00ed que nos pusimos manos a la obra. Hablamos con el equipo de RAC1, que nos ha acompa\u00f1ado en algunas historias sonoras y nos pusieron en manos de <a href=\"https:\/\/www.marcmartinproducer.com\/mm_ca.html\">Marc Mart\u00edn<\/a>, uno de los productores musicales m\u00e1s reconocidos de nuestro pa\u00eds y de los de m\u00e1s all\u00e1.<br \/>\nMarc dijo que lo har\u00eda, que quer\u00eda apoyar a Carlit. As\u00ed, que le explicamos c\u00f3mo \u00e9ramos, &#8220;as\u00ed tal cual, t\u00fa&#8221;.<br \/>\n\u00a1Y en un par de semanas, \u00e9l y su equipo de m\u00fasicos nos trajeron la banda sonora de Carlit! Mil gracias Marc por hacerlo posible.<br \/>\n\u00a1\u00a1\u00a1Pues eso, que estamos muy contentos y Carlit suena&#8230; AS\u00cd!!!<\/p>\n<p><iframe loading=\"lazy\" src=\"https:\/\/www.youtube.com\/embed\/bfNYx48Re7o\" width=\"560\" height=\"315\" frameborder=\"0\" allowfullscreen=\"allowfullscreen\"><\/iframe><\/p>\n","protected":false},"excerpt":{"rendered":"<p>\u00a1\u00a1S\u00ed, s\u00ed, no nos estamos de nada!! Hace unas semanas, en pleno confinamiento, decidimos que nos faltaba un sentido a nuestra marca: el auditivo. Porque el del gusto&#8230; este lo tenemos bien trabajado. \u00a1Vaya que nos faltaba la m\u00fasica! As\u00ed que nos pusimos manos a&#8230;<\/p>\n","protected":false},"author":6,"featured_media":2024,"comment_status":"closed","ping_status":"closed","sticky":false,"template":"","format":"standard","meta":{"footnotes":""},"categories":[58,56,21],"tags":[],"class_list":["post-1829","post","type-post","status-publish","format-standard","has-post-thumbnail","hentry","category-empresa-news","category-medios-de-comunicacion","category-news"],"_links":{"self":[{"href":"https:\/\/www.carlit.cat\/es\/wp-json\/wp\/v2\/posts\/1829\/"}],"collection":[{"href":"https:\/\/www.carlit.cat\/es\/wp-json\/wp\/v2\/posts\/"}],"about":[{"href":"https:\/\/www.carlit.cat\/es\/wp-json\/wp\/v2\/types\/post\/"}],"author":[{"embeddable":true,"href":"https:\/\/www.carlit.cat\/es\/wp-json\/wp\/v2\/users\/6\/"}],"replies":[{"embeddable":true,"href":"https:\/\/www.carlit.cat\/es\/wp-json\/wp\/v2\/comments\/?post=1829"}],"version-history":[{"count":1,"href":"https:\/\/www.carlit.cat\/es\/wp-json\/wp\/v2\/posts\/1829\/revisions\/"}],"predecessor-version":[{"id":1830,"href":"https:\/\/www.carlit.cat\/es\/wp-json\/wp\/v2\/posts\/1829\/revisions\/1830\/"}],"wp:featuredmedia":[{"embeddable":true,"href":"https:\/\/www.carlit.cat\/es\/wp-json\/wp\/v2\/media\/2024\/"}],"wp:attachment":[{"href":"https:\/\/www.carlit.cat\/es\/wp-json\/wp\/v2\/media\/?parent=1829"}],"wp:term":[{"taxonomy":"category","embeddable":true,"href":"https:\/\/www.carlit.cat\/es\/wp-json\/wp\/v2\/categories\/?post=1829"},{"taxonomy":"post_tag","embeddable":true,"href":"https:\/\/www.carlit.cat\/es\/wp-json\/wp\/v2\/tags\/?post=1829"}],"curies":[{"name":"wp","href":"https:\/\/api.w.org\/{rel}","templated":true}]}}