{"id":1817,"date":"2020-06-04T09:08:54","date_gmt":"2020-06-04T09:08:54","guid":{"rendered":"https:\/\/www.carlit.cat\/?p=1817"},"modified":"2020-06-04T16:00:31","modified_gmt":"2020-06-04T16:00:31","slug":"homenaje-de-carlit-a-la-fuerza-de-la-gente","status":"publish","type":"post","link":"https:\/\/www.carlit.cat\/es\/homenaje-de-carlit-a-la-fuerza-de-la-gente\/","title":{"rendered":"\u201c\u00a1Lo estamos haciendo bien!\u201d, el homenaje de Carlit a la fuerza de la gente"},"content":{"rendered":"<p>Desde siempre, en Carlit hemos sido de los que vemos el vaso medio lleno, de los que creemos que si se trabaja con ganas y convencidos de lo que hacemos, todo es posible y todo est\u00e1 por hacer, como dec\u00eda Miquel Mart\u00ed i Pol.<\/p>\n<p>Durante este confinamiento, todo el equipo de Carlit ha trabajado intensamente, como servicio esencial, porque la alimentaci\u00f3n, por nuestra parte, no faltara en casa. Cambios de turno, trabajo con protecciones engorrosas, horarios extra\u00f1os &#8230; Y tampoco dudamos en recorrer la Cerdanya repartiendo lotes de productos para los equipos sanitarios, las farmacias y los Centros de Atenci\u00f3n Primaria, sumando donde tocaba estar y donde quer\u00edamos estar.<\/p>\n<p>Ahora, en plena desescalada y cerrando fase tras fase intentando pasar p\u00e1gina, volvemos a encarar lo que venga con una sonrisa, convencidos de que: !La fuerza de la gente lo puede todo!<br \/>\nPor ello, hemos querido mostrar nuestro peque\u00f1o homenaje a todas, a todos. Y lo hemos hecho pidiendo a confinadas y confinados en casa que se grabaran con su m\u00f3vil en una escena tan cotidiana como preparar la comida. En este caso, preparar un &#8220;trinxat&#8221; de Carlit.<br \/>\nEl v\u00eddeo es un homenaje que muestra c\u00f3mo de la uni\u00f3n nace la fuerza. Como sumados, formamos una cadena invencible. Y sobre todo, como todos juntos: &#8220;!Lo estamos haciendo bien!&#8221;.<\/p>\n<p><iframe loading=\"lazy\" src=\"https:\/\/www.youtube.com\/embed\/dKwGRM5lS3M\" width=\"560\" height=\"315\" frameborder=\"0\" allowfullscreen=\"allowfullscreen\"><\/iframe><\/p>\n","protected":false},"excerpt":{"rendered":"<p>Desde siempre, en Carlit hemos sido de los que vemos el vaso medio lleno, de los que creemos que si se trabaja con ganas y convencidos de lo que hacemos, todo es posible y todo est\u00e1 por hacer, como dec\u00eda Miquel Mart\u00ed i Pol. Durante&#8230;<\/p>\n","protected":false},"author":6,"featured_media":1813,"comment_status":"closed","ping_status":"closed","sticky":false,"template":"","format":"standard","meta":{"footnotes":""},"categories":[58,21],"tags":[],"class_list":["post-1817","post","type-post","status-publish","format-standard","has-post-thumbnail","hentry","category-empresa-news","category-news"],"_links":{"self":[{"href":"https:\/\/www.carlit.cat\/es\/wp-json\/wp\/v2\/posts\/1817\/"}],"collection":[{"href":"https:\/\/www.carlit.cat\/es\/wp-json\/wp\/v2\/posts\/"}],"about":[{"href":"https:\/\/www.carlit.cat\/es\/wp-json\/wp\/v2\/types\/post\/"}],"author":[{"embeddable":true,"href":"https:\/\/www.carlit.cat\/es\/wp-json\/wp\/v2\/users\/6\/"}],"replies":[{"embeddable":true,"href":"https:\/\/www.carlit.cat\/es\/wp-json\/wp\/v2\/comments\/?post=1817"}],"version-history":[{"count":3,"href":"https:\/\/www.carlit.cat\/es\/wp-json\/wp\/v2\/posts\/1817\/revisions\/"}],"predecessor-version":[{"id":1821,"href":"https:\/\/www.carlit.cat\/es\/wp-json\/wp\/v2\/posts\/1817\/revisions\/1821\/"}],"wp:featuredmedia":[{"embeddable":true,"href":"https:\/\/www.carlit.cat\/es\/wp-json\/wp\/v2\/media\/1813\/"}],"wp:attachment":[{"href":"https:\/\/www.carlit.cat\/es\/wp-json\/wp\/v2\/media\/?parent=1817"}],"wp:term":[{"taxonomy":"category","embeddable":true,"href":"https:\/\/www.carlit.cat\/es\/wp-json\/wp\/v2\/categories\/?post=1817"},{"taxonomy":"post_tag","embeddable":true,"href":"https:\/\/www.carlit.cat\/es\/wp-json\/wp\/v2\/tags\/?post=1817"}],"curies":[{"name":"wp","href":"https:\/\/api.w.org\/{rel}","templated":true}]}}