{"id":1761,"date":"2020-03-17T13:14:21","date_gmt":"2020-03-17T13:14:21","guid":{"rendered":"https:\/\/www.carlit.cat\/?p=1761"},"modified":"2020-03-23T15:14:35","modified_gmt":"2020-03-23T15:14:35","slug":"carlit-1-ano-mas-en-la-noche-del-gourmet-catala","status":"publish","type":"post","link":"https:\/\/www.carlit.cat\/es\/carlit-1-ano-mas-en-la-noche-del-gourmet-catala\/","title":{"rendered":"Carlit, 1 a\u00f1o m\u00e1s, en la Noche del Gourmet Catal\u00e0!"},"content":{"rendered":"<p>El martes 29 de octubre estaremos presentes en la Noche del Gourmet Catal\u00e0, como miembros de Catalonia Gourmet, un cl\u00faster que re\u00fane empresas especializadas del sector de la alimentaci\u00f3n Gourmet.<\/p>\n<p>Este a\u00f1o ser\u00e1 la quinta edici\u00f3n y se celebrar\u00e1 en el majestuoso Palacio de Pedralbes de Barcelona.<\/p>\n<p>El acto tiene como protagonistas empresas como Carlit, dedicadas al retail y la restauraci\u00f3n gourmet. Adem\u00e1s, se convierte en una buena ocasi\u00f3n para promover el producto, conocer su tradici\u00f3n y saber m\u00e1s sobre el origen y el territorio. La Noche del Gourmet Catal\u00e0 tiene por objetivo consolidarse y convertirse en un punto de encuentro clave para todos los miembros del sector en Catalu\u00f1a.<\/p>\n<p>Esta fiesta es el acto referente del sector gourmet de Barcelona con m\u00e1s de 400 asistentes que pueden probar todos los productos de los miembros del cl\u00faster.<\/p>\n<p><iframe loading=\"lazy\" src=\"https:\/\/www.youtube.com\/embed\/j_BU7NCBKA4\" width=\"560\" height=\"315\" frameborder=\"0\" allowfullscreen=\"allowfullscreen\"><\/iframe><\/p>\n","protected":false},"excerpt":{"rendered":"<p>El martes 29 de octubre estaremos presentes en la Noche del Gourmet Catal\u00e0, como miembros de Catalonia Gourmet, un cl\u00faster que re\u00fane empresas especializadas del sector de la alimentaci\u00f3n Gourmet. Este a\u00f1o ser\u00e1 la quinta edici\u00f3n y se celebrar\u00e1 en el majestuoso Palacio de Pedralbes&#8230;<\/p>\n","protected":false},"author":6,"featured_media":1743,"comment_status":"closed","ping_status":"closed","sticky":false,"template":"","format":"standard","meta":{"footnotes":""},"categories":[55,21],"tags":[],"class_list":["post-1761","post","type-post","status-publish","format-standard","has-post-thumbnail","hentry","category-evento","category-news"],"_links":{"self":[{"href":"https:\/\/www.carlit.cat\/es\/wp-json\/wp\/v2\/posts\/1761\/"}],"collection":[{"href":"https:\/\/www.carlit.cat\/es\/wp-json\/wp\/v2\/posts\/"}],"about":[{"href":"https:\/\/www.carlit.cat\/es\/wp-json\/wp\/v2\/types\/post\/"}],"author":[{"embeddable":true,"href":"https:\/\/www.carlit.cat\/es\/wp-json\/wp\/v2\/users\/6\/"}],"replies":[{"embeddable":true,"href":"https:\/\/www.carlit.cat\/es\/wp-json\/wp\/v2\/comments\/?post=1761"}],"version-history":[{"count":1,"href":"https:\/\/www.carlit.cat\/es\/wp-json\/wp\/v2\/posts\/1761\/revisions\/"}],"predecessor-version":[{"id":1763,"href":"https:\/\/www.carlit.cat\/es\/wp-json\/wp\/v2\/posts\/1761\/revisions\/1763\/"}],"wp:featuredmedia":[{"embeddable":true,"href":"https:\/\/www.carlit.cat\/es\/wp-json\/wp\/v2\/media\/1743\/"}],"wp:attachment":[{"href":"https:\/\/www.carlit.cat\/es\/wp-json\/wp\/v2\/media\/?parent=1761"}],"wp:term":[{"taxonomy":"category","embeddable":true,"href":"https:\/\/www.carlit.cat\/es\/wp-json\/wp\/v2\/categories\/?post=1761"},{"taxonomy":"post_tag","embeddable":true,"href":"https:\/\/www.carlit.cat\/es\/wp-json\/wp\/v2\/tags\/?post=1761"}],"curies":[{"name":"wp","href":"https:\/\/api.w.org\/{rel}","templated":true}]}}