{"id":1719,"date":"2019-06-17T22:57:52","date_gmt":"2019-06-17T22:57:52","guid":{"rendered":"https:\/\/www.carlit.cat\/?p=1719"},"modified":"2020-03-23T15:15:47","modified_gmt":"2020-03-23T15:15:47","slug":"el-30-de-junio-con-la-carrera-corbells-btt-2019","status":"publish","type":"post","link":"https:\/\/www.carlit.cat\/es\/el-30-de-junio-con-la-carrera-corbells-btt-2019\/","title":{"rendered":"El 30 de junio, con la Carrera Corbells BTT 2019"},"content":{"rendered":"<p>El pr\u00f3ximo 30 de junio estaremos junto a los participantes de la carrera Corbells BTT 2019. Se trata de una carrera por los senderos del municipio de Bellver de la Cerdanya, organizada por el Club Ciclista Bellver.<\/p>\n<p>En total participar\u00e1n entre 200 y 250 personas que tendr\u00e1n la opci\u00f3n de escoger entre dos circuitos, uno largo y otro m\u00e1s corto. Circuitos exigentes, pero accesibles para cualquier persona con un m\u00ednimo de forma f\u00edsica.<\/p>\n<p>Y si recorre los fant\u00e1sticos senderos de Bellver de Cerdanya sobre una bicicleta, \u00bfcomo se lo podemos premiar?<br \/>\n\u00a1Pues con un buen lote de nuestros productos! \u00a1Porque os llev\u00e1is la Cerdanya en el coraz\u00f3n, pero tambi\u00e9n al paladar!<\/p>\n<p>\u00a1Nos encanta apoyaros, a vosotros, que s\u00f3is #FansCerdanya y la quer\u00e9is como nosotros!<\/p>\n<p><img loading=\"lazy\" decoding=\"async\" class=\"alignnone size-medium wp-image-1717\" src=\"https:\/\/www.carlit.cat\/wp-content\/uploads\/2019\/06\/800-300x199.jpg\" alt=\"\" width=\"300\" height=\"199\" srcset=\"https:\/\/www.carlit.cat\/wp-content\/uploads\/2019\/06\/800-300x199.jpg 300w, https:\/\/www.carlit.cat\/wp-content\/uploads\/2019\/06\/800-768x509.jpg 768w, https:\/\/www.carlit.cat\/wp-content\/uploads\/2019\/06\/800.jpg 800w, https:\/\/www.carlit.cat\/wp-content\/uploads\/2019\/06\/800-700x464.jpg 700w\" sizes=\"auto, (max-width: 300px) 100vw, 300px\" \/><\/p>\n","protected":false},"excerpt":{"rendered":"<p>El pr\u00f3ximo 30 de junio estaremos junto a los participantes de la carrera Corbells BTT 2019. Se trata de una carrera por los senderos del municipio de Bellver de la Cerdanya, organizada por el Club Ciclista Bellver. En total participar\u00e1n entre 200 y 250 personas&#8230;<\/p>\n","protected":false},"author":6,"featured_media":1717,"comment_status":"closed","ping_status":"closed","sticky":false,"template":"","format":"standard","meta":{"footnotes":""},"categories":[55,21],"tags":[],"class_list":["post-1719","post","type-post","status-publish","format-standard","has-post-thumbnail","hentry","category-evento","category-news"],"_links":{"self":[{"href":"https:\/\/www.carlit.cat\/es\/wp-json\/wp\/v2\/posts\/1719\/"}],"collection":[{"href":"https:\/\/www.carlit.cat\/es\/wp-json\/wp\/v2\/posts\/"}],"about":[{"href":"https:\/\/www.carlit.cat\/es\/wp-json\/wp\/v2\/types\/post\/"}],"author":[{"embeddable":true,"href":"https:\/\/www.carlit.cat\/es\/wp-json\/wp\/v2\/users\/6\/"}],"replies":[{"embeddable":true,"href":"https:\/\/www.carlit.cat\/es\/wp-json\/wp\/v2\/comments\/?post=1719"}],"version-history":[{"count":1,"href":"https:\/\/www.carlit.cat\/es\/wp-json\/wp\/v2\/posts\/1719\/revisions\/"}],"predecessor-version":[{"id":1720,"href":"https:\/\/www.carlit.cat\/es\/wp-json\/wp\/v2\/posts\/1719\/revisions\/1720\/"}],"wp:featuredmedia":[{"embeddable":true,"href":"https:\/\/www.carlit.cat\/es\/wp-json\/wp\/v2\/media\/1717\/"}],"wp:attachment":[{"href":"https:\/\/www.carlit.cat\/es\/wp-json\/wp\/v2\/media\/?parent=1719"}],"wp:term":[{"taxonomy":"category","embeddable":true,"href":"https:\/\/www.carlit.cat\/es\/wp-json\/wp\/v2\/categories\/?post=1719"},{"taxonomy":"post_tag","embeddable":true,"href":"https:\/\/www.carlit.cat\/es\/wp-json\/wp\/v2\/tags\/?post=1719"}],"curies":[{"name":"wp","href":"https:\/\/api.w.org\/{rel}","templated":true}]}}