{"id":1688,"date":"2019-05-02T17:27:51","date_gmt":"2019-05-02T17:27:51","guid":{"rendered":"https:\/\/www.carlit.cat\/?p=1688"},"modified":"2020-03-23T15:16:21","modified_gmt":"2020-03-23T15:16:21","slug":"carlit-en-la-revista-viure-als-pirineus","status":"publish","type":"post","link":"https:\/\/www.carlit.cat\/es\/carlit-en-la-revista-viure-als-pirineus\/","title":{"rendered":"Carlit, en la revista Viure als Pirineus"},"content":{"rendered":"<p>&#8220;Viure als Pirineus&#8221; ha publicado este mes un art\u00edculo sobre el origen, los productos y el crecimiento de Carlit en los \u00faltimos a\u00f1os.<\/p>\n<p>El art\u00edculo define Carlit como una de las &#8220;empresas de alimentaci\u00f3n m\u00e1s emblem\u00e1ticas de la Cerdanya&#8221;. Destaca como producto estrella el trinxat, que actualmente se comercializa en Catalu\u00f1a, pero tambi\u00e9n se exporta a Francia y el Reino Unido.<\/p>\n<p>No pod\u00eda faltar un espacio dedicado a los inicios de Carlit y de c\u00f3mo la familia gastron\u00f3mica de productos de la empresa ha ido creciendo exponencialmente, destacando los \u00faltimos productos a punto de salir al mercado: la raclette y la fondue que, a peser de no ser originarios de la Cerdanya, encajan perfectamente con la filosof\u00eda de Carlit de gastronom\u00eda sana de monta\u00f1a f\u00e1cil de preparar, y que est\u00e1n elaborados con leches de la zona.<\/p>\n<p>Pod\u00e9is leer el art\u00edculo entero en este <a href=\"https:\/\/www.viurealspirineus.cat\/articulo\/cerdanya\/carlit-trosset-cerdanya-casa-nostra\/20190501133951014146.html\"><strong>enlace<\/strong><\/a>.<\/p>\n<p><img loading=\"lazy\" decoding=\"async\" class=\"alignnone size-medium wp-image-1681\" src=\"https:\/\/www.carlit.cat\/wp-content\/uploads\/2019\/05\/viure-300x199.jpg\" alt=\"\" width=\"300\" height=\"199\" srcset=\"https:\/\/www.carlit.cat\/wp-content\/uploads\/2019\/05\/viure-300x199.jpg 300w, https:\/\/www.carlit.cat\/wp-content\/uploads\/2019\/05\/viure-768x509.jpg 768w, https:\/\/www.carlit.cat\/wp-content\/uploads\/2019\/05\/viure.jpg 800w, https:\/\/www.carlit.cat\/wp-content\/uploads\/2019\/05\/viure-700x464.jpg 700w\" sizes=\"auto, (max-width: 300px) 100vw, 300px\" \/><\/p>\n","protected":false},"excerpt":{"rendered":"<p>&#8220;Viure als Pirineus&#8221; ha publicado este mes un art\u00edculo sobre el origen, los productos y el crecimiento de Carlit en los \u00faltimos a\u00f1os. El art\u00edculo define Carlit como una de las &#8220;empresas de alimentaci\u00f3n m\u00e1s emblem\u00e1ticas de la Cerdanya&#8221;. Destaca como producto estrella el trinxat,&#8230;<\/p>\n","protected":false},"author":6,"featured_media":1681,"comment_status":"closed","ping_status":"closed","sticky":false,"template":"","format":"standard","meta":{"footnotes":""},"categories":[56,21],"tags":[],"class_list":["post-1688","post","type-post","status-publish","format-standard","has-post-thumbnail","hentry","category-medios-de-comunicacion","category-news"],"_links":{"self":[{"href":"https:\/\/www.carlit.cat\/es\/wp-json\/wp\/v2\/posts\/1688\/"}],"collection":[{"href":"https:\/\/www.carlit.cat\/es\/wp-json\/wp\/v2\/posts\/"}],"about":[{"href":"https:\/\/www.carlit.cat\/es\/wp-json\/wp\/v2\/types\/post\/"}],"author":[{"embeddable":true,"href":"https:\/\/www.carlit.cat\/es\/wp-json\/wp\/v2\/users\/6\/"}],"replies":[{"embeddable":true,"href":"https:\/\/www.carlit.cat\/es\/wp-json\/wp\/v2\/comments\/?post=1688"}],"version-history":[{"count":2,"href":"https:\/\/www.carlit.cat\/es\/wp-json\/wp\/v2\/posts\/1688\/revisions\/"}],"predecessor-version":[{"id":1691,"href":"https:\/\/www.carlit.cat\/es\/wp-json\/wp\/v2\/posts\/1688\/revisions\/1691\/"}],"wp:featuredmedia":[{"embeddable":true,"href":"https:\/\/www.carlit.cat\/es\/wp-json\/wp\/v2\/media\/1681\/"}],"wp:attachment":[{"href":"https:\/\/www.carlit.cat\/es\/wp-json\/wp\/v2\/media\/?parent=1688"}],"wp:term":[{"taxonomy":"category","embeddable":true,"href":"https:\/\/www.carlit.cat\/es\/wp-json\/wp\/v2\/categories\/?post=1688"},{"taxonomy":"post_tag","embeddable":true,"href":"https:\/\/www.carlit.cat\/es\/wp-json\/wp\/v2\/tags\/?post=1688"}],"curies":[{"name":"wp","href":"https:\/\/api.w.org\/{rel}","templated":true}]}}