{"id":1571,"date":"2019-03-15T15:18:44","date_gmt":"2019-03-15T15:18:44","guid":{"rendered":"https:\/\/www.carlit.cat\/?p=1571"},"modified":"2020-03-23T15:17:08","modified_gmt":"2020-03-23T15:17:08","slug":"carlit-amplia-gama-de-productos-y-prepara-lanzamiento-de-raclette-y-fondue","status":"publish","type":"post","link":"https:\/\/www.carlit.cat\/es\/carlit-amplia-gama-de-productos-y-prepara-lanzamiento-de-raclette-y-fondue\/","title":{"rendered":"Carlit amplia gama de productos y prepara lanzamiento de Raclette y Fondue"},"content":{"rendered":"<p>En las pr\u00f3ximas semanas habr\u00e1 en vuestros supermercados un par de novedades Carlit. Se trata de <a href=\"https:\/\/www.carlit.cat\/es\/products\/raclette\/\"><strong>raclette<\/strong><\/a> y <a href=\"https:\/\/www.carlit.cat\/es\/products\/fondue\/\"><strong>fondue<\/strong><\/a> Carlit, elaborados con leche de la Cerdanya y el Urgell.<\/p>\n<p>A pesar de que la raclette y la fondue no son originarias de la Cerdanya, encaja con nuestra filosof\u00eda de gastronom\u00eda: convertir la cocina de monta\u00f1a y del fr\u00edo, en cocina f\u00e1cil de preparar y compartir.<\/p>\n<p>Los kits de los dos productos incluyen una bandeja de dos piezas de 150 gramos de queso, espec\u00edficos para cada uso, que s\u00f3lo hay que fundir en la bandeja de la raclette.<\/p>\n<p>\u00a1As\u00ed de sencillo, de algo tan simple puedes hacer una comida totalmente deliciosa y para compartir con los amigos y la familia! \u00a1Slow Fast Food en modo Carlit!<\/p>\n<p><iframe loading=\"lazy\" src=\"https:\/\/www.youtube.com\/embed\/tCJ-7S1cVQ0\" width=\"560\" height=\"315\" frameborder=\"0\" allowfullscreen=\"allowfullscreen\"><span data-mce-type=\"bookmark\" style=\"display: inline-block; width: 0px; overflow: hidden; line-height: 0;\" class=\"mce_SELRES_start\">\ufeff<\/span><\/iframe><iframe loading=\"lazy\" src=\"https:\/\/www.youtube.com\/embed\/4GQiP3mrtZk\" width=\"560\" height=\"315\" frameborder=\"0\" allowfullscreen=\"allowfullscreen\"><\/iframe>&nbsp;<\/p>\n","protected":false},"excerpt":{"rendered":"<p>En las pr\u00f3ximas semanas habr\u00e1 en vuestros supermercados un par de novedades Carlit. Se trata de raclette y fondue Carlit, elaborados con leche de la Cerdanya y el Urgell. A pesar de que la raclette y la fondue no son originarias de la Cerdanya, encaja&#8230;<\/p>\n","protected":false},"author":6,"featured_media":1569,"comment_status":"closed","ping_status":"closed","sticky":false,"template":"","format":"standard","meta":{"footnotes":""},"categories":[21,54],"tags":[],"class_list":["post-1571","post","type-post","status-publish","format-standard","has-post-thumbnail","hentry","category-news","category-productos"],"_links":{"self":[{"href":"https:\/\/www.carlit.cat\/es\/wp-json\/wp\/v2\/posts\/1571\/"}],"collection":[{"href":"https:\/\/www.carlit.cat\/es\/wp-json\/wp\/v2\/posts\/"}],"about":[{"href":"https:\/\/www.carlit.cat\/es\/wp-json\/wp\/v2\/types\/post\/"}],"author":[{"embeddable":true,"href":"https:\/\/www.carlit.cat\/es\/wp-json\/wp\/v2\/users\/6\/"}],"replies":[{"embeddable":true,"href":"https:\/\/www.carlit.cat\/es\/wp-json\/wp\/v2\/comments\/?post=1571"}],"version-history":[{"count":4,"href":"https:\/\/www.carlit.cat\/es\/wp-json\/wp\/v2\/posts\/1571\/revisions\/"}],"predecessor-version":[{"id":1672,"href":"https:\/\/www.carlit.cat\/es\/wp-json\/wp\/v2\/posts\/1571\/revisions\/1672\/"}],"wp:featuredmedia":[{"embeddable":true,"href":"https:\/\/www.carlit.cat\/es\/wp-json\/wp\/v2\/media\/1569\/"}],"wp:attachment":[{"href":"https:\/\/www.carlit.cat\/es\/wp-json\/wp\/v2\/media\/?parent=1571"}],"wp:term":[{"taxonomy":"category","embeddable":true,"href":"https:\/\/www.carlit.cat\/es\/wp-json\/wp\/v2\/categories\/?post=1571"},{"taxonomy":"post_tag","embeddable":true,"href":"https:\/\/www.carlit.cat\/es\/wp-json\/wp\/v2\/tags\/?post=1571"}],"curies":[{"name":"wp","href":"https:\/\/api.w.org\/{rel}","templated":true}]}}