{"id":1554,"date":"2019-03-05T13:44:03","date_gmt":"2019-03-05T13:44:03","guid":{"rendered":"https:\/\/www.carlit.cat\/?p=1554"},"modified":"2020-03-23T15:15:47","modified_gmt":"2020-03-23T15:15:47","slug":"carlit-junto-a-los-valientes-de-la-head-de-la-masella","status":"publish","type":"post","link":"https:\/\/www.carlit.cat\/es\/carlit-junto-a-los-valientes-de-la-head-de-la-masella\/","title":{"rendered":"\u00a1Carlit, junto a los valientes de la Head de la Masella!"},"content":{"rendered":"<p>Como no pod\u00eda ser de otro modo, un a\u00f1o m\u00e1s Carlit apoyar\u00e1 a los valientes que participar\u00e1n en la carrera <a href=\"https:\/\/head12horas.com\/lamasella\/\">Head<\/a>, en la Masella, el pr\u00f3ximo 9 de marzo.<\/p>\n<p>En total participar\u00e1n 50 equipos, de un m\u00e1ximo de 3 personas cada uno, esquiar\u00e1n 12 horas non-stop. \u00a1El objetivo: conseguir el mayor n\u00famero de bajadas posible!<\/p>\n<p>\u00bfY c\u00f3mo lo har\u00e1n para resistir ?! Pues como debe ser: \u00a1con un buen trinxat Carlit que les ayude a recuperar fuerzas!<\/p>\n<p>As\u00ed que, una edici\u00f3n m\u00e1s, nosotros apoyaremos a la Head con lotes de nuestros productos para todos los participantes.<\/p>\n<p>Porque nos gusta la monta\u00f1a, nos gusta la nieve y &#8230; sobre todo, sobre todo, porque admiramos y nos encantan los valientes que son capaces de combinar deporte, reto, resistencia y t\u00e9cnica para demostrar que querer la Cerdanya se puede hacer de muchas maneras. \u00a1Siempre de los siempres, #FansCerdanya!<\/p>\n<p><a href=\"https:\/\/www.carlit.cat\/wp-content\/uploads\/2019\/03\/promo-Masella_ok_baix.mov\"><strong>Ver el v\u00eddeo de la Head.<\/strong><\/a><\/p>\n<p><img loading=\"lazy\" decoding=\"async\" class=\"alignnone size-medium wp-image-1545\" src=\"https:\/\/www.carlit.cat\/wp-content\/uploads\/2019\/03\/Cartel2019_masella-212x300.jpg\" alt=\"\" width=\"212\" height=\"300\" srcset=\"https:\/\/www.carlit.cat\/wp-content\/uploads\/2019\/03\/Cartel2019_masella-212x300.jpg 212w, https:\/\/www.carlit.cat\/wp-content\/uploads\/2019\/03\/Cartel2019_masella-768x1086.jpg 768w, https:\/\/www.carlit.cat\/wp-content\/uploads\/2019\/03\/Cartel2019_masella-724x1024.jpg 724w, https:\/\/www.carlit.cat\/wp-content\/uploads\/2019\/03\/Cartel2019_masella-700x990.jpg 700w, https:\/\/www.carlit.cat\/wp-content\/uploads\/2019\/03\/Cartel2019_masella.jpg 1500w\" sizes=\"auto, (max-width: 212px) 100vw, 212px\" \/><\/p>\n","protected":false},"excerpt":{"rendered":"<p>Como no pod\u00eda ser de otro modo, un a\u00f1o m\u00e1s Carlit apoyar\u00e1 a los valientes que participar\u00e1n en la carrera Head, en la Masella, el pr\u00f3ximo 9 de marzo. En total participar\u00e1n 50 equipos, de un m\u00e1ximo de 3 personas cada uno, esquiar\u00e1n 12 horas&#8230;<\/p>\n","protected":false},"author":6,"featured_media":1553,"comment_status":"closed","ping_status":"closed","sticky":false,"template":"","format":"standard","meta":{"footnotes":""},"categories":[55,21],"tags":[],"class_list":["post-1554","post","type-post","status-publish","format-standard","has-post-thumbnail","hentry","category-evento","category-news"],"_links":{"self":[{"href":"https:\/\/www.carlit.cat\/es\/wp-json\/wp\/v2\/posts\/1554\/"}],"collection":[{"href":"https:\/\/www.carlit.cat\/es\/wp-json\/wp\/v2\/posts\/"}],"about":[{"href":"https:\/\/www.carlit.cat\/es\/wp-json\/wp\/v2\/types\/post\/"}],"author":[{"embeddable":true,"href":"https:\/\/www.carlit.cat\/es\/wp-json\/wp\/v2\/users\/6\/"}],"replies":[{"embeddable":true,"href":"https:\/\/www.carlit.cat\/es\/wp-json\/wp\/v2\/comments\/?post=1554"}],"version-history":[{"count":1,"href":"https:\/\/www.carlit.cat\/es\/wp-json\/wp\/v2\/posts\/1554\/revisions\/"}],"predecessor-version":[{"id":1555,"href":"https:\/\/www.carlit.cat\/es\/wp-json\/wp\/v2\/posts\/1554\/revisions\/1555\/"}],"wp:featuredmedia":[{"embeddable":true,"href":"https:\/\/www.carlit.cat\/es\/wp-json\/wp\/v2\/media\/1553\/"}],"wp:attachment":[{"href":"https:\/\/www.carlit.cat\/es\/wp-json\/wp\/v2\/media\/?parent=1554"}],"wp:term":[{"taxonomy":"category","embeddable":true,"href":"https:\/\/www.carlit.cat\/es\/wp-json\/wp\/v2\/categories\/?post=1554"},{"taxonomy":"post_tag","embeddable":true,"href":"https:\/\/www.carlit.cat\/es\/wp-json\/wp\/v2\/tags\/?post=1554"}],"curies":[{"name":"wp","href":"https:\/\/api.w.org\/{rel}","templated":true}]}}