{"id":1443,"date":"2019-02-22T12:39:48","date_gmt":"2019-02-22T12:39:48","guid":{"rendered":"https:\/\/www.carlit.cat\/?p=1443"},"modified":"2020-03-23T15:15:47","modified_gmt":"2020-03-23T15:15:47","slug":"celebrem-la-24a-edicio-de-la-festa-del-trinxat","status":"publish","type":"post","link":"https:\/\/www.carlit.cat\/es\/celebrem-la-24a-edicio-de-la-festa-del-trinxat\/","title":{"rendered":"Celebrem la 24a edici\u00f3 de la festa del trinxat!!"},"content":{"rendered":"<p>El pr\u00f2xim dissabte, 23 de febrer, celebrem la 24a edici\u00f3 de la festa del trinxat a Puigcerd\u00e0!! Des de Carlit, amb l&#8217;Ajuntament de Puigcerd\u00e0 i la Fundaci\u00f3 ADIS, hem preparat un lot de productes de regal per tots els assistents. El trinxat Carlit no hi pot faltar en una festa com aquesta!!!!<\/p>\n<p>Aquesta festa \u00e9s la principal mostra gastron\u00f2mica de la comarca i una cita obligada pels amants de la cuina de la Cerdanya. Sempre ha esdevingut una trobada multitudin\u00e0ria, on assisteixen aproximadament un miler de comensals provinents principalment de Puigcerd\u00e0, la Cerdanya, Catalunya, Fran\u00e7a i Andorra. Una oportunitat \u00fanica de gaudir d\u2019un sopar de gala que serveix d\u2019aparador de la gastronomia local, amb el seu plat m\u00e9s reconegut \u2013el trinxat\u2013 com a protagonista.<\/p>\n<p>Aquesta festa ens permet fer valdre els productes de la nostra estimada Cerdanya. Aix\u00ed que #FansCerdanya a celebrar-ho!! Visca el trinxat!!!<\/p>\n<p><img loading=\"lazy\" decoding=\"async\" class=\"alignnone size-medium wp-image-1448\" src=\"https:\/\/www.carlit.cat\/wp-content\/uploads\/2019\/02\/1-portada-festa-trionxatr-300x183.jpg\" alt=\"\" width=\"300\" height=\"183\" srcset=\"https:\/\/www.carlit.cat\/wp-content\/uploads\/2019\/02\/1-portada-festa-trionxatr-300x183.jpg 300w, https:\/\/www.carlit.cat\/wp-content\/uploads\/2019\/02\/1-portada-festa-trionxatr.jpg 700w\" sizes=\"auto, (max-width: 300px) 100vw, 300px\" \/><\/p>\n","protected":false},"excerpt":{"rendered":"<p>El pr\u00f2xim dissabte, 23 de febrer, celebrem la 24a edici\u00f3 de la festa del trinxat a Puigcerd\u00e0!! Des de Carlit, amb l&#8217;Ajuntament de Puigcerd\u00e0 i la Fundaci\u00f3 ADIS, hem preparat un lot de productes de regal per tots els assistents. El trinxat Carlit no hi&#8230;<\/p>\n","protected":false},"author":6,"featured_media":1444,"comment_status":"closed","ping_status":"closed","sticky":false,"template":"","format":"standard","meta":{"footnotes":""},"categories":[55,21],"tags":[],"class_list":["post-1443","post","type-post","status-publish","format-standard","has-post-thumbnail","hentry","category-evento","category-news"],"_links":{"self":[{"href":"https:\/\/www.carlit.cat\/es\/wp-json\/wp\/v2\/posts\/1443\/"}],"collection":[{"href":"https:\/\/www.carlit.cat\/es\/wp-json\/wp\/v2\/posts\/"}],"about":[{"href":"https:\/\/www.carlit.cat\/es\/wp-json\/wp\/v2\/types\/post\/"}],"author":[{"embeddable":true,"href":"https:\/\/www.carlit.cat\/es\/wp-json\/wp\/v2\/users\/6\/"}],"replies":[{"embeddable":true,"href":"https:\/\/www.carlit.cat\/es\/wp-json\/wp\/v2\/comments\/?post=1443"}],"version-history":[{"count":2,"href":"https:\/\/www.carlit.cat\/es\/wp-json\/wp\/v2\/posts\/1443\/revisions\/"}],"predecessor-version":[{"id":1502,"href":"https:\/\/www.carlit.cat\/es\/wp-json\/wp\/v2\/posts\/1443\/revisions\/1502\/"}],"wp:featuredmedia":[{"embeddable":true,"href":"https:\/\/www.carlit.cat\/es\/wp-json\/wp\/v2\/media\/1444\/"}],"wp:attachment":[{"href":"https:\/\/www.carlit.cat\/es\/wp-json\/wp\/v2\/media\/?parent=1443"}],"wp:term":[{"taxonomy":"category","embeddable":true,"href":"https:\/\/www.carlit.cat\/es\/wp-json\/wp\/v2\/categories\/?post=1443"},{"taxonomy":"post_tag","embeddable":true,"href":"https:\/\/www.carlit.cat\/es\/wp-json\/wp\/v2\/tags\/?post=1443"}],"curies":[{"name":"wp","href":"https:\/\/api.w.org\/{rel}","templated":true}]}}