{"id":1170,"date":"2018-10-18T14:41:09","date_gmt":"2018-10-18T14:41:09","guid":{"rendered":"https:\/\/www.carlit.cat\/?p=1170"},"modified":"2020-03-23T15:15:48","modified_gmt":"2020-03-23T15:15:48","slug":"carlit-en-la-iv-noche-del-gourmet-catalan","status":"publish","type":"post","link":"https:\/\/www.carlit.cat\/es\/carlit-en-la-iv-noche-del-gourmet-catalan\/","title":{"rendered":"\u00a1Carlit, en la IV Noche del Gourmet Catal\u00e1n!"},"content":{"rendered":"<p>Este mi\u00e9rcoles, 17 de octubre, fuimos a la IV Noche del Gourmet Catal\u00e1n, como miembros de Catalonia Gourmet, un cl\u00faster que re\u00fane empresas especializadas del sector de la alimentaci\u00f3n Gourmet. El Palau de Pedralbes fue el punto de encuentro donde los asistentes pudieron probar todos los productos de los miembros del cl\u00faster. Entre los productos que se pudieron probar no falt\u00f3 el magret de pato, el embutido y el trinxat, nuestro producto estrella.<\/p>\n<p>Un a\u00f1o m\u00e1s vivimos una noche emotiva, donde se dio el premio Gourmet Catal\u00e1n del A\u00f1o. En esta edici\u00f3n, fue por el cocinero Nandu Jubany, a quien damos nuestra m\u00e1s cordial enhorabuena, por llevar siempre por bandera los productos y los productores de casa y de calidad.<br \/>\nCerramos una edici\u00f3n m\u00e1s de la Noche del Gourmet, contentos de mostrar la apuesta firme por el compromiso con la producci\u00f3n de calidad, por parte de todos los que formamos parte de Catalonia Gourmet.<\/p>\n<p><img loading=\"lazy\" decoding=\"async\" class=\"alignnone size-medium wp-image-525\" src=\"https:\/\/www.carlit.cat\/wp-content\/uploads\/2019\/01\/Carlit-nit-gourmet-catala-181001-300x230.jpg\" alt=\"\" width=\"300\" height=\"230\" srcset=\"https:\/\/www.carlit.cat\/wp-content\/uploads\/2019\/01\/Carlit-nit-gourmet-catala-181001-300x230.jpg 300w, https:\/\/www.carlit.cat\/wp-content\/uploads\/2019\/01\/Carlit-nit-gourmet-catala-181001.jpg 768w, https:\/\/www.carlit.cat\/wp-content\/uploads\/2019\/01\/Carlit-nit-gourmet-catala-181001-700x536.jpg 700w\" sizes=\"auto, (max-width: 300px) 100vw, 300px\" \/><\/p>\n<p><img loading=\"lazy\" decoding=\"async\" class=\"alignnone size-medium wp-image-533\" src=\"https:\/\/www.carlit.cat\/wp-content\/uploads\/2019\/01\/Foto-cluster-catalunya-gourmet-300x200.jpg\" alt=\"\" width=\"300\" height=\"200\" srcset=\"https:\/\/www.carlit.cat\/wp-content\/uploads\/2019\/01\/Foto-cluster-catalunya-gourmet-300x200.jpg 300w, https:\/\/www.carlit.cat\/wp-content\/uploads\/2019\/01\/Foto-cluster-catalunya-gourmet.jpg 652w\" sizes=\"auto, (max-width: 300px) 100vw, 300px\" \/><\/p>\n<p><img loading=\"lazy\" decoding=\"async\" class=\"alignnone size-medium wp-image-529\" src=\"https:\/\/www.carlit.cat\/wp-content\/uploads\/2019\/01\/Carlit-nit-gourmet-catala-181002-300x153.jpg\" alt=\"\" width=\"300\" height=\"153\" srcset=\"https:\/\/www.carlit.cat\/wp-content\/uploads\/2019\/01\/Carlit-nit-gourmet-catala-181002-300x153.jpg 300w, https:\/\/www.carlit.cat\/wp-content\/uploads\/2019\/01\/Carlit-nit-gourmet-catala-181002-768x392.jpg 768w, https:\/\/www.carlit.cat\/wp-content\/uploads\/2019\/01\/Carlit-nit-gourmet-catala-181002.jpg 1024w, https:\/\/www.carlit.cat\/wp-content\/uploads\/2019\/01\/Carlit-nit-gourmet-catala-181002-700x358.jpg 700w\" sizes=\"auto, (max-width: 300px) 100vw, 300px\" \/><\/p>\n","protected":false},"excerpt":{"rendered":"<p>Este mi\u00e9rcoles, 17 de octubre, fuimos a la IV Noche del Gourmet Catal\u00e1n, como miembros de Catalonia Gourmet, un cl\u00faster que re\u00fane empresas especializadas del sector de la alimentaci\u00f3n Gourmet. El Palau de Pedralbes fue el punto de encuentro donde los asistentes pudieron probar todos&#8230;<\/p>\n","protected":false},"author":6,"featured_media":533,"comment_status":"closed","ping_status":"closed","sticky":false,"template":"","format":"standard","meta":{"footnotes":""},"categories":[55,21],"tags":[],"class_list":["post-1170","post","type-post","status-publish","format-standard","has-post-thumbnail","hentry","category-evento","category-news"],"_links":{"self":[{"href":"https:\/\/www.carlit.cat\/es\/wp-json\/wp\/v2\/posts\/1170\/"}],"collection":[{"href":"https:\/\/www.carlit.cat\/es\/wp-json\/wp\/v2\/posts\/"}],"about":[{"href":"https:\/\/www.carlit.cat\/es\/wp-json\/wp\/v2\/types\/post\/"}],"author":[{"embeddable":true,"href":"https:\/\/www.carlit.cat\/es\/wp-json\/wp\/v2\/users\/6\/"}],"replies":[{"embeddable":true,"href":"https:\/\/www.carlit.cat\/es\/wp-json\/wp\/v2\/comments\/?post=1170"}],"version-history":[{"count":1,"href":"https:\/\/www.carlit.cat\/es\/wp-json\/wp\/v2\/posts\/1170\/revisions\/"}],"predecessor-version":[{"id":1171,"href":"https:\/\/www.carlit.cat\/es\/wp-json\/wp\/v2\/posts\/1170\/revisions\/1171\/"}],"wp:featuredmedia":[{"embeddable":true,"href":"https:\/\/www.carlit.cat\/es\/wp-json\/wp\/v2\/media\/533\/"}],"wp:attachment":[{"href":"https:\/\/www.carlit.cat\/es\/wp-json\/wp\/v2\/media\/?parent=1170"}],"wp:term":[{"taxonomy":"category","embeddable":true,"href":"https:\/\/www.carlit.cat\/es\/wp-json\/wp\/v2\/categories\/?post=1170"},{"taxonomy":"post_tag","embeddable":true,"href":"https:\/\/www.carlit.cat\/es\/wp-json\/wp\/v2\/tags\/?post=1170"}],"curies":[{"name":"wp","href":"https:\/\/api.w.org\/{rel}","templated":true}]}}