{"id":1154,"date":"2018-03-13T14:07:03","date_gmt":"2018-03-13T14:07:03","guid":{"rendered":"https:\/\/www.carlit.cat\/?p=1154"},"modified":"2020-03-23T15:16:22","modified_gmt":"2020-03-23T15:16:22","slug":"entrevista-a-xavier-espuna-en-el-programa-club-21-de-radio-4","status":"publish","type":"post","link":"https:\/\/www.carlit.cat\/es\/entrevista-a-xavier-espuna-en-el-programa-club-21-de-radio-4\/","title":{"rendered":"Entrevista a Xavier Espu\u00f1a en el programa Club 21 de Radio 4"},"content":{"rendered":"<p>El fundador y CEO de Carlit, Xavier Espu\u00f1a, fue entrevistado en el programa Club 21 de Radio 4 (RTVE) este pasado s\u00e1bado 10 de marzo.<\/p>\n<p>En la entrevista se destaca el car\u00e1cter artesanal de los productos Carlit, la innovaci\u00f3n en la cocina tradicional, la expansi\u00f3n geogr\u00e1fica a nivel de distribuci\u00f3n y nuestro producto estrella: el Trinxat de la Cerdanya. Xavier Espu\u00f1a tambi\u00e9n dej\u00f3 claro a la audiencia que &#8220;en Carlit somos unos enamorados de la Cerdanya&#8221; y habl\u00f3 sobre las 4 l\u00edneas de producto que la marca ofrece a los consumidores.<\/p>\n<p>Puede escuchar la entrevista entera en el Club 21 (a partir del minuto 12:30) haciendo clic <a href=\"http:\/\/www.rtve.es\/alacarta\/audios\/club-21\/club-21-amb-estanis-martin-nicolas-xavier-espuna\/4512574\/\"><strong>aqu\u00ed<\/strong><\/a>.<\/p>\n","protected":false},"excerpt":{"rendered":"<p>El fundador y CEO de Carlit, Xavier Espu\u00f1a, fue entrevistado en el programa Club 21 de Radio 4 (RTVE) este pasado s\u00e1bado 10 de marzo. En la entrevista se destaca el car\u00e1cter artesanal de los productos Carlit, la innovaci\u00f3n en la cocina tradicional, la expansi\u00f3n&#8230;<\/p>\n","protected":false},"author":6,"featured_media":585,"comment_status":"closed","ping_status":"closed","sticky":false,"template":"","format":"standard","meta":{"footnotes":""},"categories":[56,21],"tags":[],"class_list":["post-1154","post","type-post","status-publish","format-standard","has-post-thumbnail","hentry","category-medios-de-comunicacion","category-news"],"_links":{"self":[{"href":"https:\/\/www.carlit.cat\/es\/wp-json\/wp\/v2\/posts\/1154\/"}],"collection":[{"href":"https:\/\/www.carlit.cat\/es\/wp-json\/wp\/v2\/posts\/"}],"about":[{"href":"https:\/\/www.carlit.cat\/es\/wp-json\/wp\/v2\/types\/post\/"}],"author":[{"embeddable":true,"href":"https:\/\/www.carlit.cat\/es\/wp-json\/wp\/v2\/users\/6\/"}],"replies":[{"embeddable":true,"href":"https:\/\/www.carlit.cat\/es\/wp-json\/wp\/v2\/comments\/?post=1154"}],"version-history":[{"count":1,"href":"https:\/\/www.carlit.cat\/es\/wp-json\/wp\/v2\/posts\/1154\/revisions\/"}],"predecessor-version":[{"id":1155,"href":"https:\/\/www.carlit.cat\/es\/wp-json\/wp\/v2\/posts\/1154\/revisions\/1155\/"}],"wp:featuredmedia":[{"embeddable":true,"href":"https:\/\/www.carlit.cat\/es\/wp-json\/wp\/v2\/media\/585\/"}],"wp:attachment":[{"href":"https:\/\/www.carlit.cat\/es\/wp-json\/wp\/v2\/media\/?parent=1154"}],"wp:term":[{"taxonomy":"category","embeddable":true,"href":"https:\/\/www.carlit.cat\/es\/wp-json\/wp\/v2\/categories\/?post=1154"},{"taxonomy":"post_tag","embeddable":true,"href":"https:\/\/www.carlit.cat\/es\/wp-json\/wp\/v2\/tags\/?post=1154"}],"curies":[{"name":"wp","href":"https:\/\/api.w.org\/{rel}","templated":true}]}}