{"id":1152,"date":"2018-03-06T14:04:02","date_gmt":"2018-03-06T14:04:02","guid":{"rendered":"https:\/\/www.carlit.cat\/?p=1152"},"modified":"2020-03-23T15:17:35","modified_gmt":"2020-03-23T15:17:35","slug":"este-ano-hacemos-20","status":"publish","type":"post","link":"https:\/\/www.carlit.cat\/es\/este-ano-hacemos-20\/","title":{"rendered":"\u00a1\u00a1\u00a1Este a\u00f1o hacemos 20!!!"},"content":{"rendered":"<p>En Carlit celebraremos los 20 a\u00f1os el pr\u00f3ximo mes de junio. Parece apenas ayer cuando decidimos sacar adelante este proyecto en 1998. \u00a1Desde el primer momento ten\u00edamos claro que \u00e9ramos unos fans de la Cerdanya y que quer\u00edamos un trocito en el plato!<\/p>\n<p>Xavier Espu\u00f1a, el gerente actual de Carlit, lo tuvo claro.<\/p>\n<p>Todo empez\u00f3 porque en casa de la mujer de Xavier, como muchas casas de la Cerdanya, la abuela y la madre hac\u00edan un trinxat buen\u00edsimo y \u00e9l, que entonces ya era un enamorado de la Cerdanya, pens\u00f3: \u00bfporque no ponerlo al alcance de todo el mundo?<\/p>\n<p>El pensamiento fue bueno y as\u00ed en Carlit empezamos a llevar este producto 100% de la Cerdanya por todos los lugares. Nuestros productos no tienen muchos secretos: los hacemos como los hac\u00edan nuestros abuelos, bisabuelos, tatarabuelos &#8230; Pero, al mismo tiempo, nunca hemos querido dejar de innovar. As\u00ed que hemos preparado nuestros envases para ir al microondas, o hemos pensado un packaging que facilite guardar el trinxat en la nevera.<\/p>\n<p>\u00a1Durante este a\u00f1o celebraremos el 20 aniversario con varias promociones, sorteos y actividades.<\/p>\n<p>No podemos ni queremos olvidarnos de daros las m\u00e1s sinceras gracias por habernos acompa\u00f1ado durante todos estos a\u00f1os. Tambi\u00e9n queremos deciros que lo que m\u00e1s ilusi\u00f3n nos hace no son los a\u00f1os que han pasado, sino \u00a1todos los a\u00f1os que tenemos por delante y que encaramos con las mismas ganas que el primer d\u00eda!<\/p>\n<p>20 millones de gracias a todos los que, como nosotros, sois #FansCerdanya !!<\/p>\n","protected":false},"excerpt":{"rendered":"<p>En Carlit celebraremos los 20 a\u00f1os el pr\u00f3ximo mes de junio. Parece apenas ayer cuando decidimos sacar adelante este proyecto en 1998. \u00a1Desde el primer momento ten\u00edamos claro que \u00e9ramos unos fans de la Cerdanya y que quer\u00edamos un trocito en el plato! Xavier Espu\u00f1a,&#8230;<\/p>\n","protected":false},"author":6,"featured_media":1371,"comment_status":"closed","ping_status":"closed","sticky":false,"template":"","format":"standard","meta":{"footnotes":""},"categories":[58,21],"tags":[],"class_list":["post-1152","post","type-post","status-publish","format-standard","has-post-thumbnail","hentry","category-empresa-news","category-news"],"_links":{"self":[{"href":"https:\/\/www.carlit.cat\/es\/wp-json\/wp\/v2\/posts\/1152\/"}],"collection":[{"href":"https:\/\/www.carlit.cat\/es\/wp-json\/wp\/v2\/posts\/"}],"about":[{"href":"https:\/\/www.carlit.cat\/es\/wp-json\/wp\/v2\/types\/post\/"}],"author":[{"embeddable":true,"href":"https:\/\/www.carlit.cat\/es\/wp-json\/wp\/v2\/users\/6\/"}],"replies":[{"embeddable":true,"href":"https:\/\/www.carlit.cat\/es\/wp-json\/wp\/v2\/comments\/?post=1152"}],"version-history":[{"count":1,"href":"https:\/\/www.carlit.cat\/es\/wp-json\/wp\/v2\/posts\/1152\/revisions\/"}],"predecessor-version":[{"id":1153,"href":"https:\/\/www.carlit.cat\/es\/wp-json\/wp\/v2\/posts\/1152\/revisions\/1153\/"}],"wp:featuredmedia":[{"embeddable":true,"href":"https:\/\/www.carlit.cat\/es\/wp-json\/wp\/v2\/media\/1371\/"}],"wp:attachment":[{"href":"https:\/\/www.carlit.cat\/es\/wp-json\/wp\/v2\/media\/?parent=1152"}],"wp:term":[{"taxonomy":"category","embeddable":true,"href":"https:\/\/www.carlit.cat\/es\/wp-json\/wp\/v2\/categories\/?post=1152"},{"taxonomy":"post_tag","embeddable":true,"href":"https:\/\/www.carlit.cat\/es\/wp-json\/wp\/v2\/tags\/?post=1152"}],"curies":[{"name":"wp","href":"https:\/\/api.w.org\/{rel}","templated":true}]}}