{"id":1123,"date":"2018-01-31T13:35:18","date_gmt":"2018-01-31T13:35:18","guid":{"rendered":"https:\/\/www.carlit.cat\/?p=1123"},"modified":"2020-03-23T15:17:40","modified_gmt":"2020-03-23T15:17:40","slug":"estrenamos-cuna-de-radio","status":"publish","type":"post","link":"https:\/\/www.carlit.cat\/es\/estrenamos-cuna-de-radio\/","title":{"rendered":"\u00a1Estrenamos cu\u00f1a de radio!"},"content":{"rendered":"<p>Estos d\u00edas no paramos quietos&#8230; apenas hace una semana os anunci\u00e1bamos el lanzamiento de tres nuevos spots (que ya pod\u00e9is empezar a ver en nuestras redes sociales o en nuestro canal de Youtube) pues hoy toca anunciaros que estrenamos cu\u00f1a de radio.<\/p>\n<p>En los \u00faltimos a\u00f1os desde Carlit, nos hemos esforzado mucho para rejuvenecer nuestra marca y posicionar nuestro producto estrella, el trinxat de la Cerdanya, como una manera f\u00e1cil y r\u00e1pida de comer un plato con ingredientes 100% naturales, que se puede guardar en la nevera varias semanas, o bien se puede llevar al trabajo o en la universidad como tuper, por ejemplo.<\/p>\n<p>En la nueva cu\u00f1a de radio, que se puede escuchar a la cadena RAC1, os queremos mostrar nuestra esencia, nuestra manera de ser y nuestra pasi\u00f3n por la Cerdanya: &#8220;Por el trinxat: patata, col y panceta, como se ha hecho toda la vida &#8220;[&#8230;] Un minuto de microondas y el trinxat de toda la vida en el plato&#8221;.<\/p>\n<p>Pod\u00e9is escuchar la cu\u00f1a entera aqu\u00ed:<\/p>\n<p><center><iframe loading=\"lazy\" src=\"https:\/\/www.carlit.cat\/wp-content\/uploads\/2019\/01\/falca-carlit.mp4\" width=\"640px\" height=\"360px\" frameborder=\"0\" scrolling=\"no\" allowfullscreen=\"allowfullscreen\"><\/iframe><\/center>&nbsp;<\/p>\n","protected":false},"excerpt":{"rendered":"<p>Estos d\u00edas no paramos quietos&#8230; apenas hace una semana os anunci\u00e1bamos el lanzamiento de tres nuevos spots (que ya pod\u00e9is empezar a ver en nuestras redes sociales o en nuestro canal de Youtube) pues hoy toca anunciaros que estrenamos cu\u00f1a de radio. En los \u00faltimos&#8230;<\/p>\n","protected":false},"author":6,"featured_media":1101,"comment_status":"closed","ping_status":"closed","sticky":false,"template":"","format":"standard","meta":{"footnotes":""},"categories":[58,56,21],"tags":[],"class_list":["post-1123","post","type-post","status-publish","format-standard","has-post-thumbnail","hentry","category-empresa-news","category-medios-de-comunicacion","category-news"],"_links":{"self":[{"href":"https:\/\/www.carlit.cat\/es\/wp-json\/wp\/v2\/posts\/1123\/"}],"collection":[{"href":"https:\/\/www.carlit.cat\/es\/wp-json\/wp\/v2\/posts\/"}],"about":[{"href":"https:\/\/www.carlit.cat\/es\/wp-json\/wp\/v2\/types\/post\/"}],"author":[{"embeddable":true,"href":"https:\/\/www.carlit.cat\/es\/wp-json\/wp\/v2\/users\/6\/"}],"replies":[{"embeddable":true,"href":"https:\/\/www.carlit.cat\/es\/wp-json\/wp\/v2\/comments\/?post=1123"}],"version-history":[{"count":3,"href":"https:\/\/www.carlit.cat\/es\/wp-json\/wp\/v2\/posts\/1123\/revisions\/"}],"predecessor-version":[{"id":1127,"href":"https:\/\/www.carlit.cat\/es\/wp-json\/wp\/v2\/posts\/1123\/revisions\/1127\/"}],"wp:featuredmedia":[{"embeddable":true,"href":"https:\/\/www.carlit.cat\/es\/wp-json\/wp\/v2\/media\/1101\/"}],"wp:attachment":[{"href":"https:\/\/www.carlit.cat\/es\/wp-json\/wp\/v2\/media\/?parent=1123"}],"wp:term":[{"taxonomy":"category","embeddable":true,"href":"https:\/\/www.carlit.cat\/es\/wp-json\/wp\/v2\/categories\/?post=1123"},{"taxonomy":"post_tag","embeddable":true,"href":"https:\/\/www.carlit.cat\/es\/wp-json\/wp\/v2\/tags\/?post=1123"}],"curies":[{"name":"wp","href":"https:\/\/api.w.org\/{rel}","templated":true}]}}