{"id":1116,"date":"2018-01-08T13:23:03","date_gmt":"2018-01-08T13:23:03","guid":{"rendered":"https:\/\/www.carlit.cat\/?p=1116"},"modified":"2020-03-23T15:18:43","modified_gmt":"2020-03-23T15:18:43","slug":"para-mi-la-cerdanya-es","status":"publish","type":"post","link":"https:\/\/www.carlit.cat\/es\/para-mi-la-cerdanya-es\/","title":{"rendered":"Para m\u00ed la Cerdanya es&#8230;"},"content":{"rendered":"<p>Para nosotros la Cerdanya son tantas cosas, tantas emociones, tantos momentos y tantos lugares que nos es incre\u00edblemente dif\u00edcil responder qu\u00e9 es la Cerdanya en una sola frase. Es por eso que empezamos a pedir a nuestros seguidores que nos ayudaran y que dijeran en una frase qu\u00e9 es para ellos la Cerdanya.<\/p>\n<p>Impresiona ver la cantidad de emociones y vertientes diferentes que la Cerdanya lleva a cada uno. Nos han llegado comentarios como &#8220;un lugar m\u00e1gico&#8221;, &#8220;un lugar ideal para vivir&#8221; o tambi\u00e9n mencionando su magn\u00edfico entorno &#8220;Para m\u00ed la Cerdanya es un lugar \u00fanico donde disfrutar de la naturaleza&#8221;.<\/p>\n<p>Tambi\u00e9n debemos decir que nos han llegado comentarios tan personales que casi nos ponen la piel de gallina: &#8220;Para m\u00ed la Cerdanya es vida, un sue\u00f1o, una sonrisa, tranquilidad, alegr\u00eda, amigos &#8230;&#8221;.<\/p>\n<p>Viendo la cantidad de frases que nos han llegado no ha hecho m\u00e1s que despertar la curiosidad a\u00fan m\u00e1s y hacernos crecer las ganas de saber qu\u00e9 es para vosotros la Cerdanya. Si quer\u00e9is hacernos llegar vuestra frase, estaremos encantados de saber con qu\u00e9 ojos veis vosotros este rinc\u00f3n tan maravilloso del mundo.<\/p>\n","protected":false},"excerpt":{"rendered":"<p>Para nosotros la Cerdanya son tantas cosas, tantas emociones, tantos momentos y tantos lugares que nos es incre\u00edblemente dif\u00edcil responder qu\u00e9 es la Cerdanya en una sola frase. Es por eso que empezamos a pedir a nuestros seguidores que nos ayudaran y que dijeran en&#8230;<\/p>\n","protected":false},"author":6,"featured_media":631,"comment_status":"closed","ping_status":"closed","sticky":false,"template":"","format":"standard","meta":{"footnotes":""},"categories":[58,21],"tags":[],"class_list":["post-1116","post","type-post","status-publish","format-standard","has-post-thumbnail","hentry","category-empresa-news","category-news"],"_links":{"self":[{"href":"https:\/\/www.carlit.cat\/es\/wp-json\/wp\/v2\/posts\/1116\/"}],"collection":[{"href":"https:\/\/www.carlit.cat\/es\/wp-json\/wp\/v2\/posts\/"}],"about":[{"href":"https:\/\/www.carlit.cat\/es\/wp-json\/wp\/v2\/types\/post\/"}],"author":[{"embeddable":true,"href":"https:\/\/www.carlit.cat\/es\/wp-json\/wp\/v2\/users\/6\/"}],"replies":[{"embeddable":true,"href":"https:\/\/www.carlit.cat\/es\/wp-json\/wp\/v2\/comments\/?post=1116"}],"version-history":[{"count":1,"href":"https:\/\/www.carlit.cat\/es\/wp-json\/wp\/v2\/posts\/1116\/revisions\/"}],"predecessor-version":[{"id":1117,"href":"https:\/\/www.carlit.cat\/es\/wp-json\/wp\/v2\/posts\/1116\/revisions\/1117\/"}],"wp:featuredmedia":[{"embeddable":true,"href":"https:\/\/www.carlit.cat\/es\/wp-json\/wp\/v2\/media\/631\/"}],"wp:attachment":[{"href":"https:\/\/www.carlit.cat\/es\/wp-json\/wp\/v2\/media\/?parent=1116"}],"wp:term":[{"taxonomy":"category","embeddable":true,"href":"https:\/\/www.carlit.cat\/es\/wp-json\/wp\/v2\/categories\/?post=1116"},{"taxonomy":"post_tag","embeddable":true,"href":"https:\/\/www.carlit.cat\/es\/wp-json\/wp\/v2\/tags\/?post=1116"}],"curies":[{"name":"wp","href":"https:\/\/api.w.org\/{rel}","templated":true}]}}