{"id":1112,"date":"2017-10-19T13:09:48","date_gmt":"2017-10-19T13:09:48","guid":{"rendered":"https:\/\/www.carlit.cat\/?p=1112"},"modified":"2020-03-23T15:21:13","modified_gmt":"2020-03-23T15:21:13","slug":"orgullo-de-estar-en-la-iii-noche-del-gourmet-pasion-por-los-productos-gourmet-hechos-en-cataluna","status":"publish","type":"post","link":"https:\/\/www.carlit.cat\/es\/orgullo-de-estar-en-la-iii-noche-del-gourmet-pasion-por-los-productos-gourmet-hechos-en-cataluna\/","title":{"rendered":"Orgullo de estar en la III Noche del Gourmet: Pasi\u00f3n por los productos gourmet hechos en Catalu\u00f1a"},"content":{"rendered":"<p>Martes 17 de octubre, Carlit particip\u00f3 en la III Noche del Gourmet Catal\u00e1n, junto a Catalonia Gourmet.<br \/>\nTodav\u00eda nos dura la alegr\u00eda de haber podido formar parte de una noche tan especial. Son ocasiones como \u00e9sta las que nos permiten ense\u00f1ar con orgullo nuestro trabajo.<\/p>\n<p>Todos los que formamos parte del cl\u00faster pudimos compartir la velada con una homenajeada con muchas m\u00e1s estrellas que nadie! Que la Carme Ruscalleda elogie nuestros productos, nos empuja a seguir trabajando y mejorando cada d\u00eda.<\/p>\n<p>Desde Carlit trajimos nuestro trinxat y el magret de pato.<\/p>\n<p>La Noche del Gourmet Catal\u00e1n es una ocasi\u00f3n especial para compartir proyectos con productores de alimentaci\u00f3n de nuestro pa\u00eds. Unos destacan por la calidad, otros por la sofisticaci\u00f3n, la innovaci\u00f3n &#8230; Pero todos compartimos un objetivo com\u00fan: la pasi\u00f3n por los productos gourmet hechos en Catalu\u00f1a.<\/p>\n<p>Cojemos la fuerza que recibimos en la III Noche del Gourmet Catal\u00e1n para seguir ense\u00f1ando la gastronom\u00eda de nuestro pa\u00eds, la Cerdanya, por todas partes.<\/p>\n<p>&nbsp;<\/p>\n<p><center><iframe loading=\"lazy\" src=\"https:\/\/www.ccma.cat\/video\/embed\/5694948\/\" width=\"500px\" height=\"281px\" frameborder=\"0\" scrolling=\"no\" allowfullscreen=\"allowfullscreen\"><span data-mce-type=\"bookmark\" style=\"display: inline-block; width: 0px; overflow: hidden; line-height: 0;\" class=\"mce_SELRES_start\">\ufeff<\/span><\/iframe><\/center>&nbsp;<\/p>\n","protected":false},"excerpt":{"rendered":"<p>Martes 17 de octubre, Carlit particip\u00f3 en la III Noche del Gourmet Catal\u00e1n, junto a Catalonia Gourmet. Todav\u00eda nos dura la alegr\u00eda de haber podido formar parte de una noche tan especial. Son ocasiones como \u00e9sta las que nos permiten ense\u00f1ar con orgullo nuestro trabajo&#8230;.<\/p>\n","protected":false},"author":6,"featured_media":1100,"comment_status":"closed","ping_status":"closed","sticky":false,"template":"","format":"standard","meta":{"footnotes":""},"categories":[55,21],"tags":[],"class_list":["post-1112","post","type-post","status-publish","format-standard","has-post-thumbnail","hentry","category-evento","category-news"],"_links":{"self":[{"href":"https:\/\/www.carlit.cat\/es\/wp-json\/wp\/v2\/posts\/1112\/"}],"collection":[{"href":"https:\/\/www.carlit.cat\/es\/wp-json\/wp\/v2\/posts\/"}],"about":[{"href":"https:\/\/www.carlit.cat\/es\/wp-json\/wp\/v2\/types\/post\/"}],"author":[{"embeddable":true,"href":"https:\/\/www.carlit.cat\/es\/wp-json\/wp\/v2\/users\/6\/"}],"replies":[{"embeddable":true,"href":"https:\/\/www.carlit.cat\/es\/wp-json\/wp\/v2\/comments\/?post=1112"}],"version-history":[{"count":1,"href":"https:\/\/www.carlit.cat\/es\/wp-json\/wp\/v2\/posts\/1112\/revisions\/"}],"predecessor-version":[{"id":1113,"href":"https:\/\/www.carlit.cat\/es\/wp-json\/wp\/v2\/posts\/1112\/revisions\/1113\/"}],"wp:featuredmedia":[{"embeddable":true,"href":"https:\/\/www.carlit.cat\/es\/wp-json\/wp\/v2\/media\/1100\/"}],"wp:attachment":[{"href":"https:\/\/www.carlit.cat\/es\/wp-json\/wp\/v2\/media\/?parent=1112"}],"wp:term":[{"taxonomy":"category","embeddable":true,"href":"https:\/\/www.carlit.cat\/es\/wp-json\/wp\/v2\/categories\/?post=1112"},{"taxonomy":"post_tag","embeddable":true,"href":"https:\/\/www.carlit.cat\/es\/wp-json\/wp\/v2\/tags\/?post=1112"}],"curies":[{"name":"wp","href":"https:\/\/api.w.org\/{rel}","templated":true}]}}