{"id":2650,"date":"2020-11-13T15:24:55","date_gmt":"2020-11-13T15:24:55","guid":{"rendered":"https:\/\/www.carlit.cat\/?p=2650"},"modified":"2020-11-13T15:25:14","modified_gmt":"2020-11-13T15:25:14","slug":"entrevista-de-carlit-y-la-fundacion-adis","status":"publish","type":"post","link":"https:\/\/www.carlit.cat\/en\/entrevista-de-carlit-y-la-fundacion-adis\/","title":{"rendered":"Entrevista de Carlit y La Fundaci\u00f3n ADIS sobre su colaboraci\u00f3n"},"content":{"rendered":"<p>El <span class=\"hiddenSpellError\">Reclam<\/span> Cerdanya ha publicado este mes un art\u00edculo sobre la colaboraci\u00f3n de <span class=\"hiddenSpellError\">Carlit<\/span> con la Fundaci\u00f3n <span class=\"hiddenSpellError\">ADIS<\/span> en el marco de la campa\u00f1a &#8220;Regala <span class=\"hiddenSpellError\">Carlit<\/span>. Regala <span class=\"hiddenGrammarError\">Cerdanya &#8220;<\/span>. La acci\u00f3n consiste en poder comprar online en la web de <span class=\"hiddenSpellError\">Carlit<\/span> lotes de productos que se env\u00edan a casa de manera gratuita.<\/p>\n<p>La Fundaci\u00f3n <span class=\"hiddenSpellError\">ADIS<\/span>, que trabaja para favorecer la integraci\u00f3n social de los discapacitados, se encargar\u00e1 de preparar todos los lotes. Igualmente, los lotes tambi\u00e9n se pueden adquirir en la <span class=\"hiddenSpellError\">agrotienda<\/span> que la fundaci\u00f3n tiene en Puigcerd\u00e0.<\/p>\n<p>Pod\u00e9is leer la entrevista completa <a href=\"https:\/\/www.carlit.cat\/wp-content\/uploads\/2020\/11\/TEXT-CARLIT-1P-342-c_2.jpg\" data-rel=\"lightbox-image-0\" data-rl_title=\"\" data-rl_caption=\"\" title=\"\">aqu\u00ed<\/a>.<\/p>\n<p><img loading=\"lazy\" decoding=\"async\" class=\"alignnone wp-image-2640\" src=\"https:\/\/www.carlit.cat\/wp-content\/uploads\/2020\/11\/TEXT-CARLIT-1P-342-c_2.jpg\" alt=\"\" width=\"807\" height=\"1153\" srcset=\"https:\/\/www.carlit.cat\/wp-content\/uploads\/2020\/11\/TEXT-CARLIT-1P-342-c_2.jpg 2302w, https:\/\/www.carlit.cat\/wp-content\/uploads\/2020\/11\/TEXT-CARLIT-1P-342-c_2-210x300.jpg 210w, https:\/\/www.carlit.cat\/wp-content\/uploads\/2020\/11\/TEXT-CARLIT-1P-342-c_2-716x1024.jpg 716w, https:\/\/www.carlit.cat\/wp-content\/uploads\/2020\/11\/TEXT-CARLIT-1P-342-c_2-700x1001.jpg 700w\" sizes=\"auto, (max-width: 807px) 100vw, 807px\" \/><\/p>\n","protected":false},"excerpt":{"rendered":"<p>El Reclam Cerdanya ha publicado este mes un art\u00edculo sobre la colaboraci\u00f3n de Carlit con la Fundaci\u00f3n ADIS en el marco de la campa\u00f1a &#8220;Regala Carlit. Regala Cerdanya &#8220;. La acci\u00f3n consiste en poder comprar online en la web de Carlit lotes de productos que&#8230;<\/p>\n","protected":false},"author":6,"featured_media":2646,"comment_status":"closed","ping_status":"closed","sticky":false,"template":"","format":"standard","meta":{"footnotes":""},"categories":[1],"tags":[],"class_list":["post-2650","post","type-post","status-publish","format-standard","has-post-thumbnail","hentry","category-sense-categoria"],"_links":{"self":[{"href":"https:\/\/www.carlit.cat\/en\/wp-json\/wp\/v2\/posts\/2650\/"}],"collection":[{"href":"https:\/\/www.carlit.cat\/en\/wp-json\/wp\/v2\/posts\/"}],"about":[{"href":"https:\/\/www.carlit.cat\/en\/wp-json\/wp\/v2\/types\/post\/"}],"author":[{"embeddable":true,"href":"https:\/\/www.carlit.cat\/en\/wp-json\/wp\/v2\/users\/6\/"}],"replies":[{"embeddable":true,"href":"https:\/\/www.carlit.cat\/en\/wp-json\/wp\/v2\/comments\/?post=2650"}],"version-history":[{"count":1,"href":"https:\/\/www.carlit.cat\/en\/wp-json\/wp\/v2\/posts\/2650\/revisions\/"}],"predecessor-version":[{"id":2651,"href":"https:\/\/www.carlit.cat\/en\/wp-json\/wp\/v2\/posts\/2650\/revisions\/2651\/"}],"wp:featuredmedia":[{"embeddable":true,"href":"https:\/\/www.carlit.cat\/en\/wp-json\/wp\/v2\/media\/2646\/"}],"wp:attachment":[{"href":"https:\/\/www.carlit.cat\/en\/wp-json\/wp\/v2\/media\/?parent=2650"}],"wp:term":[{"taxonomy":"category","embeddable":true,"href":"https:\/\/www.carlit.cat\/en\/wp-json\/wp\/v2\/categories\/?post=2650"},{"taxonomy":"post_tag","embeddable":true,"href":"https:\/\/www.carlit.cat\/en\/wp-json\/wp\/v2\/tags\/?post=2650"}],"curies":[{"name":"wp","href":"https:\/\/api.w.org\/{rel}","templated":true}]}}